{"id":84128,"date":"2025-08-31T13:00:00","date_gmt":"2025-08-31T19:00:00","guid":{"rendered":"https:\/\/zonaroja.com.mx\/?p=84128"},"modified":"2025-08-31T07:02:03","modified_gmt":"2025-08-31T13:02:03","slug":"amplian-panteon-monte-alban-en-xoxocotlan-beneficiara-a-miles-de-habitantes","status":"publish","type":"post","link":"https:\/\/zonaroja.com.mx\/?p=84128","title":{"rendered":"Ampl\u00edan pante\u00f3n Monte Alb\u00e1n en Xoxocotl\u00e1n; beneficiar\u00e1 a miles de habitantes\u00a0"},"content":{"rendered":"\n<p>Redacci\u00f3n\/Zona Roja.<\/p>\n\n\n\n<p>Oaxaca, Oax., a 31 de agosto de 2025.\u2013 El gobierno municipal de Santa Cruz Xoxocotl\u00e1n inaugur\u00f3 la ampliaci\u00f3n del Pante\u00f3n Municipal n\u00famero 3 Monte Alb\u00e1n, un espacio que beneficiar\u00e1 a miles de habitantes del municipio.&nbsp;<\/p>\n\n\n\n<p>La adquisici\u00f3n de este predio con medidas de 38.10 metros al norte, 35.47 metros al sur, 77.82 metros al oriente y 71.90 metros al poniente, ubicado en la colonia Lomas de Monte Alb\u00e1n, responde a la demanda de a\u00f1os de la comunidad por contar con lugares dignos de descanso eterno para sus seres queridos.&nbsp;<\/p>\n\n\n\n<p>Acompa\u00f1ada por integrantes de su Cabildo municipal y habitantes de la zona, la presidenta municipal Nancy Ben\u00edtez Z\u00e1rate, realiz\u00f3 el corte de list\u00f3n de este inmueble que dignifica tambi\u00e9n los espacios p\u00fablicos.&nbsp;<\/p>\n\n\n\n<p>Durante el acto inaugural, la edil destac\u00f3 que la ampliaci\u00f3n del Pante\u00f3n Monte Alb\u00e1n no solo resuelve una necesidad principal de la comunidad, sino que tambi\u00e9n representa un acto de respeto hacia la vida, la memoria y las tradiciones de las familias xoxe\u00f1as.<\/p>\n\n\n\n<p>\u201cSabemos lo importante que es para nuestras familias contar con un lugar digno para despedir y recordar a quienes ya no est\u00e1n. Esta ampliaci\u00f3n es tambi\u00e9n un acto de amor hacia nuestra comunidad, hacia nuestra historia y hacia nuestros valores\u201d, expres\u00f3.<\/p>\n\n\n\n<p>La ampliaci\u00f3n del Pante\u00f3n Municipal n\u00famero 3 forma parte de las acciones del gobierno municipal orientadas a responder a las necesidades m\u00e1s humanas de la poblaci\u00f3n y reforzar el compromiso con una gesti\u00f3n cercana, sensible y con visi\u00f3n a largo plazo.<\/p>\n","protected":false},"excerpt":{"rendered":"<p>Redacci\u00f3n\/Zona Roja. Oaxaca, Oax., a 31 de agosto de 2025.\u2013 El gobierno municipal de Santa&hellip;<\/p>\n","protected":false},"author":2,"featured_media":84113,"comment_status":"closed","ping_status":"open","sticky":false,"template":"","format":"standard","meta":{"_lmt_disableupdate":"","_lmt_disable":"","_jetpack_memberships_contains_paid_content":false,"footnotes":""},"categories":[109,46],"tags":[3376,2272],"class_list":["post-84128","post","type-post","status-publish","format-standard","has-post-thumbnail","hentry","category-minuto-a-minuto","category-zona-blanca","tag-nancy-benitez","tag-policias-ebrios-xoxocotlan"],"jetpack_featured_media_url":"https:\/\/zonaroja.com.mx\/wp-content\/uploads\/2025\/08\/Amplian-panteon-Monte-Alban-en-Xoxocotlan-beneficiara-a-miles-de-habitantes-3.jpeg","jetpack_sharing_enabled":true,"_links":{"self":[{"href":"https:\/\/zonaroja.com.mx\/index.php?rest_route=\/wp\/v2\/posts\/84128","targetHints":{"allow":["GET"]}}],"collection":[{"href":"https:\/\/zonaroja.com.mx\/index.php?rest_route=\/wp\/v2\/posts"}],"about":[{"href":"https:\/\/zonaroja.com.mx\/index.php?rest_route=\/wp\/v2\/types\/post"}],"author":[{"embeddable":true,"href":"https:\/\/zonaroja.com.mx\/index.php?rest_route=\/wp\/v2\/users\/2"}],"replies":[{"embeddable":true,"href":"https:\/\/zonaroja.com.mx\/index.php?rest_route=%2Fwp%2Fv2%2Fcomments&post=84128"}],"version-history":[{"count":1,"href":"https:\/\/zonaroja.com.mx\/index.php?rest_route=\/wp\/v2\/posts\/84128\/revisions"}],"predecessor-version":[{"id":84129,"href":"https:\/\/zonaroja.com.mx\/index.php?rest_route=\/wp\/v2\/posts\/84128\/revisions\/84129"}],"wp:featuredmedia":[{"embeddable":true,"href":"https:\/\/zonaroja.com.mx\/index.php?rest_route=\/wp\/v2\/media\/84113"}],"wp:attachment":[{"href":"https:\/\/zonaroja.com.mx\/index.php?rest_route=%2Fwp%2Fv2%2Fmedia&parent=84128"}],"wp:term":[{"taxonomy":"category","embeddable":true,"href":"https:\/\/zonaroja.com.mx\/index.php?rest_route=%2Fwp%2Fv2%2Fcategories&post=84128"},{"taxonomy":"post_tag","embeddable":true,"href":"https:\/\/zonaroja.com.mx\/index.php?rest_route=%2Fwp%2Fv2%2Ftags&post=84128"}],"curies":[{"name":"wp","href":"https:\/\/api.w.org\/{rel}","templated":true}]}}