{"id":84130,"date":"2025-08-31T15:02:00","date_gmt":"2025-08-31T21:02:00","guid":{"rendered":"https:\/\/zonaroja.com.mx\/?p=84130"},"modified":"2025-08-31T07:08:36","modified_gmt":"2025-08-31T13:08:36","slug":"muere-hombre-por-rabia-humana-en-colima-es-el-segundo-caso-en-el-pais-en-15-dias","status":"publish","type":"post","link":"https:\/\/zonaroja.com.mx\/?p=84130","title":{"rendered":"Muere hombre por rabia humana en Colima; es el segundo caso en el pa\u00eds en 15 d\u00edas"},"content":{"rendered":"\n<p>Redacci\u00f3n\/Zona Roja Cdmx.<\/p>\n\n\n\n<p>Ciudad de M\u00e9xico, a 31 de agosto de 2025.- Un hombre originario de Tonila, Jalisco, falleci\u00f3 en el estado de Colima a causa de rabia humana, confirmaron autoridades sanitarias este jueves 28 de agosto.<\/p>\n\n\n\n<p>Se trata del segundo caso registrado en el pa\u00eds en menos de quince d\u00edas, lo que encendi\u00f3 las alertas epidemiol\u00f3gicas por el resurgimiento de esta enfermedad mortal.<\/p>\n\n\n\n<p>De acuerdo con la Secretar\u00eda de Salud del Gobierno del Estado de Colima, el paciente sufri\u00f3 una agresi\u00f3n por parte de un animal a mediados de mayo en su entidad de origen. Aunque present\u00f3 s\u00edntomas como cansancio y entumecimiento en la zona de la mordida, no busc\u00f3 atenci\u00f3n m\u00e9dica inmediata.<\/p>\n\n\n\n<p>Fue hasta el 7 de agosto que acudi\u00f3 a un hospital privado en Colima, tras desarrollar s\u00edntomas neurol\u00f3gicos severos. Ah\u00ed se inici\u00f3 el protocolo correspondiente por sospecha de rabia humana.<\/p>\n\n\n\n<p>Diez d\u00edas despu\u00e9s, el 17 de agosto, ingres\u00f3 en estado cr\u00edtico al Hospital General de Zona 1 del IMSS ordinario, donde muri\u00f3 tras algunos d\u00edas de atenci\u00f3n m\u00e9dica intensiva.<\/p>\n\n\n\n<p>Las autoridades aclararon que, aunque el fallecimiento ocurri\u00f3 en Colima, el caso se adjudica epidemiol\u00f3gicamente al estado de Jalisco, por ser el lugar donde ocurri\u00f3 la agresi\u00f3n del animal que origin\u00f3 el contagio.<\/p>\n\n\n\n<p>LOS CASOS<\/p>\n\n\n\n<p>Este caso representa el segundo fallecimiento por rabia humana confirmado en M\u00e9xico en lo que va del mes, un hecho inusual dada la baja incidencia de esta enfermedad en a\u00f1os recientes. En Colima, la \u00faltima vez que se registr\u00f3 un caso de rabia humana en un residente fue en 1987.<\/p>\n\n\n\n<p>Ante estos hechos, la Secretar\u00eda de Salud colimense reiter\u00f3 el llamado a la ciudadan\u00eda para reforzar la vacunaci\u00f3n antirr\u00e1bica en animales de compa\u00f1\u00eda y de producci\u00f3n, ya que se mantiene la circulaci\u00f3n del virus en territorio nacional, como lo advirti\u00f3 el aviso epidemiol\u00f3gico federal emitido en enero de 2023.<\/p>\n\n\n\n<p>\u201cLa vacunaci\u00f3n oportuna es la forma m\u00e1s eficaz de cortar la cadena de transmisi\u00f3n del virus\u201d, se\u00f1al\u00f3 la dependencia, e indic\u00f3 que la aplicaci\u00f3n de la vacuna puede realizarse desde el primer mes de edad en perros y gatos, as\u00ed como en hembras gestantes o lactantes, sin representar riesgos.<\/p>\n\n\n\n<p>LOS S\u00cdNTOMAS<\/p>\n\n\n\n<p>La rabia es una enfermedad viral que afecta el sistema nervioso central. Se transmite com\u00fanmente por mordeduras de animales infectados o por contacto de su saliva con heridas abiertas o mucosas.<\/p>\n\n\n\n<p>Sus primeras manifestaciones incluyen:<\/p>\n\n\n\n<p>Fiebre<\/p>\n\n\n\n<p>Malestar general<\/p>\n\n\n\n<p>Hormigueo en el \u00e1rea de la mordida.<\/p>\n\n\n\n<p>Conforme avanza, los s\u00edntomas se agravan hasta provocar alteraciones neurol\u00f3gicas severas y la muerte, si no se trata a tiempo.<\/p>\n\n\n\n<p>(Informaci\u00f3n de \u201cEl Financiero\u201d)<\/p>\n","protected":false},"excerpt":{"rendered":"<p>Redacci\u00f3n\/Zona Roja Cdmx. Ciudad de M\u00e9xico, a 31 de agosto de 2025.- Un hombre originario&hellip;<\/p>\n","protected":false},"author":2,"featured_media":84131,"comment_status":"closed","ping_status":"open","sticky":false,"template":"","format":"standard","meta":{"_lmt_disableupdate":"","_lmt_disable":"","_jetpack_memberships_contains_paid_content":false,"footnotes":""},"categories":[109,47],"tags":[],"class_list":["post-84130","post","type-post","status-publish","format-standard","has-post-thumbnail","hentry","category-minuto-a-minuto","category-zona-gris"],"jetpack_featured_media_url":"https:\/\/zonaroja.com.mx\/wp-content\/uploads\/2025\/08\/Perro-rabia-humana.jpg","jetpack_sharing_enabled":true,"_links":{"self":[{"href":"https:\/\/zonaroja.com.mx\/index.php?rest_route=\/wp\/v2\/posts\/84130","targetHints":{"allow":["GET"]}}],"collection":[{"href":"https:\/\/zonaroja.com.mx\/index.php?rest_route=\/wp\/v2\/posts"}],"about":[{"href":"https:\/\/zonaroja.com.mx\/index.php?rest_route=\/wp\/v2\/types\/post"}],"author":[{"embeddable":true,"href":"https:\/\/zonaroja.com.mx\/index.php?rest_route=\/wp\/v2\/users\/2"}],"replies":[{"embeddable":true,"href":"https:\/\/zonaroja.com.mx\/index.php?rest_route=%2Fwp%2Fv2%2Fcomments&post=84130"}],"version-history":[{"count":1,"href":"https:\/\/zonaroja.com.mx\/index.php?rest_route=\/wp\/v2\/posts\/84130\/revisions"}],"predecessor-version":[{"id":84132,"href":"https:\/\/zonaroja.com.mx\/index.php?rest_route=\/wp\/v2\/posts\/84130\/revisions\/84132"}],"wp:featuredmedia":[{"embeddable":true,"href":"https:\/\/zonaroja.com.mx\/index.php?rest_route=\/wp\/v2\/media\/84131"}],"wp:attachment":[{"href":"https:\/\/zonaroja.com.mx\/index.php?rest_route=%2Fwp%2Fv2%2Fmedia&parent=84130"}],"wp:term":[{"taxonomy":"category","embeddable":true,"href":"https:\/\/zonaroja.com.mx\/index.php?rest_route=%2Fwp%2Fv2%2Fcategories&post=84130"},{"taxonomy":"post_tag","embeddable":true,"href":"https:\/\/zonaroja.com.mx\/index.php?rest_route=%2Fwp%2Fv2%2Ftags&post=84130"}],"curies":[{"name":"wp","href":"https:\/\/api.w.org\/{rel}","templated":true}]}}