{"id":84142,"date":"2025-09-01T07:34:20","date_gmt":"2025-09-01T13:34:20","guid":{"rendered":"https:\/\/zonaroja.com.mx\/?p=84142"},"modified":"2025-09-01T07:34:22","modified_gmt":"2025-09-01T13:34:22","slug":"terremoto-deja-mas-de-800-muertos-en-afganistan","status":"publish","type":"post","link":"https:\/\/zonaroja.com.mx\/?p=84142","title":{"rendered":"Terremoto deja m\u00e1s de 800 muertos en Afganist\u00e1n"},"content":{"rendered":"\n<p>Redacci\u00f3n\/Zona Roja Cdmx.<\/p>\n\n\n\n<p>Ciudad de M\u00e9xico, a 1 de septiembre de 2025.- Al menos 812 personas han muerto y unas 2.800 han resultado heridas despu\u00e9s de que un fuerte terremoto de magnitud 6 y varias r\u00e9plicas sacudieran en la noche del domingo el este de Afganist\u00e1n, seg\u00fan han informado fuentes oficiales del Gobierno afgano.<\/p>\n\n\n\n<p>El Servicio Geol\u00f3gico de Estados Unidos (USGS) ha situado el epicentro del sismo principal a 27 kil\u00f3metros al este de la provincia de Nangarhar y a una profundidad de tan solo ocho kil\u00f3metros, lo que suele amplificar el poder de destrucci\u00f3n. Al temblor inicial, registrado a las 23:47 del domingo hora local (19:17 GMT), le siguieron al menos dos r\u00e9plicas de magnitud 5,2.<\/p>\n\n\n\n<p>Los temblores sacudieron varias zonas de Nangarhar y la vecina provincia de Kunar, donde tres aldeas quedaron completamente arrasadas. Ambas provincias se encuentran en la frontera de Afganist\u00e1n con Pakist\u00e1n. Mientras que Kunar, que por s\u00ed sola registra ya m\u00e1s de 600 muertes, se ubica en la cordillera del Hind\u00fa Kush, Nangarhar est\u00e1 situada al sur de esta.<\/p>\n\n\n\n<p>El nuevo desastre amenaza con tensionar a\u00fan m\u00e1s los recursos del gobierno talib\u00e1n de un pa\u00eds ya devastado por la guerra y que afronta crisis humanitarias que van desde una fuerte ca\u00edda en la ayuda internacional hasta la expulsi\u00f3n de cientos de miles de afganos por parte de pa\u00edses vecinos. Sharafat Zaman, portavoz del Ministerio de Salud en Kabul, ha pedido ayuda internacional para afrontar la devastaci\u00f3n causada por el terremoto.<\/p>\n\n\n\n<p>Los equipos de rescate trabajan desde la madrugada para localizar sobrevivientes entre los escombros, aunque las operaciones se ven dificultadas por los deslizamientos de tierra que han bloqueado carreteras clave en Kunar y Nurist\u00e1n. Las autoridades temen que el balance aumente a medida que se accede a las zonas m\u00e1s remotas.<\/p>\n\n\n\n<p>Los terremotos se sintieron con fuerza en las provincias orientales de Kunar, Nangarhar, Nurist\u00e1n y Laghman, y las sacudidas alcanzaron tambi\u00e9n a Kabul, la capital. Los talibanes reconocieron la magnitud del desastre. \u00abLamentablemente, el terremoto de esta noche ha causado muertes y da\u00f1os materiales en algunas de nuestras provincias orientales\u00bb, ha escrito en la red social X el portavoz, Zabihullah Mujahid.<\/p>\n\n\n\n<p>\u00abLos funcionarios locales y los residentes est\u00e1n actualmente involucrados en labores de rescate. Equipos de apoyo del centro y de provincias cercanas tambi\u00e9n est\u00e1n en camino, y se utilizar\u00e1n todos los recursos disponibles para salvar vidas\u00bb, a\u00f1ade.<\/p>\n\n\n\n<p>En Nurist\u00e1n, las autoridades han confirmado que los residentes experimentaron fuertes sacudidas, pero hasta ahora no han reportado v\u00edctimas ni da\u00f1os materiales. \u00abTambi\u00e9n se sintieron fuertes temblores en la provincia, pero hasta ahora no se han recibido informes de p\u00e9rdidas humanas ni materiales\u00bb, ha indicado el director de Informaci\u00f3n y Cultura de Nurist\u00e1n a EFE.<\/p>\n\n\n\n<p>La provincia de Kunar, hasta ahora la m\u00e1s afectada, est\u00e1 situada en la frontera con Pakist\u00e1n, en la cordillera del Hind\u00fa Kush. La precariedad de las carreteras y un acceso casi inexistente a las comunicaciones en las zonas rurales dificultan la evaluaci\u00f3n de da\u00f1os y la coordinaci\u00f3n de la ayuda.<\/p>\n\n\n\n<p>(Informaci\u00f3n del sitio RTVE en Espa\u00f1ol)<\/p>\n","protected":false},"excerpt":{"rendered":"<p>Redacci\u00f3n\/Zona Roja Cdmx. Ciudad de M\u00e9xico, a 1 de septiembre de 2025.- Al menos 812&hellip;<\/p>\n","protected":false},"author":2,"featured_media":84143,"comment_status":"closed","ping_status":"open","sticky":false,"template":"","format":"standard","meta":{"_lmt_disableupdate":"","_lmt_disable":"","_jetpack_memberships_contains_paid_content":false,"footnotes":""},"categories":[109,47],"tags":[4428],"class_list":["post-84142","post","type-post","status-publish","format-standard","has-post-thumbnail","hentry","category-minuto-a-minuto","category-zona-gris","tag-terremoto-afganistan"],"jetpack_featured_media_url":"https:\/\/zonaroja.com.mx\/wp-content\/uploads\/2025\/09\/Terremoto-Afganistan.jpg","jetpack_sharing_enabled":true,"_links":{"self":[{"href":"https:\/\/zonaroja.com.mx\/index.php?rest_route=\/wp\/v2\/posts\/84142","targetHints":{"allow":["GET"]}}],"collection":[{"href":"https:\/\/zonaroja.com.mx\/index.php?rest_route=\/wp\/v2\/posts"}],"about":[{"href":"https:\/\/zonaroja.com.mx\/index.php?rest_route=\/wp\/v2\/types\/post"}],"author":[{"embeddable":true,"href":"https:\/\/zonaroja.com.mx\/index.php?rest_route=\/wp\/v2\/users\/2"}],"replies":[{"embeddable":true,"href":"https:\/\/zonaroja.com.mx\/index.php?rest_route=%2Fwp%2Fv2%2Fcomments&post=84142"}],"version-history":[{"count":1,"href":"https:\/\/zonaroja.com.mx\/index.php?rest_route=\/wp\/v2\/posts\/84142\/revisions"}],"predecessor-version":[{"id":84144,"href":"https:\/\/zonaroja.com.mx\/index.php?rest_route=\/wp\/v2\/posts\/84142\/revisions\/84144"}],"wp:featuredmedia":[{"embeddable":true,"href":"https:\/\/zonaroja.com.mx\/index.php?rest_route=\/wp\/v2\/media\/84143"}],"wp:attachment":[{"href":"https:\/\/zonaroja.com.mx\/index.php?rest_route=%2Fwp%2Fv2%2Fmedia&parent=84142"}],"wp:term":[{"taxonomy":"category","embeddable":true,"href":"https:\/\/zonaroja.com.mx\/index.php?rest_route=%2Fwp%2Fv2%2Fcategories&post=84142"},{"taxonomy":"post_tag","embeddable":true,"href":"https:\/\/zonaroja.com.mx\/index.php?rest_route=%2Fwp%2Fv2%2Ftags&post=84142"}],"curies":[{"name":"wp","href":"https:\/\/api.w.org\/{rel}","templated":true}]}}