{"id":84145,"date":"2025-09-01T08:15:00","date_gmt":"2025-09-01T14:15:00","guid":{"rendered":"https:\/\/zonaroja.com.mx\/?p=84145"},"modified":"2025-09-01T07:50:21","modified_gmt":"2025-09-01T13:50:21","slug":"continua-fiscalia-en-tu-comunidad-llega-a-tu-colonia-en-la-capital","status":"publish","type":"post","link":"https:\/\/zonaroja.com.mx\/?p=84145","title":{"rendered":"Contin\u00faa \u201cFiscal\u00eda en tu Comunidad llega a tu colonia\u201d, en la capital"},"content":{"rendered":"\n<p>Redacci\u00f3n\/Zona Roja.<\/p>\n\n\n\n<p>Oaxaca, Oax., a 1 de septiembre de 2025.- &nbsp;Al inaugurar la jornada de \u201cFiscal\u00eda en tu Comunidad llega a tu Colonia\u201d, que se realiz\u00f3 en el Ejido Guadalupe Victoria, el fiscal de Oaxaca, Bernardo Rodr\u00edguez Alamilla, dijo que uno de los objetivos principales de esta actividad es contribuir a la reconstrucci\u00f3n del tejido social por medio de llevar atenci\u00f3n directa a las problem\u00e1ticas sociales que dan origen al fen\u00f3meno delictivo, por ello se realiza a trav\u00e9s de un proceso de colaboraci\u00f3n interinstitucional.<\/p>\n\n\n\n<p>En la actividad estuvieron presentes&nbsp;el titular de la Polic\u00eda Auxiliar, Bancaria, Industrial y Comercial (PABIC), Alejandro Tejada, as\u00ed como la subsecretaria de Tequios e Inclusi\u00f3n para el Bienestar, Fernanda Schmidt; el subsecretario de Prevenci\u00f3n y Reinserci\u00f3n Social de la Secretar\u00eda de Seguridad y Protecci\u00f3n Ciudadana, Roberto Castillo, al igual que autoridades del municipio de Oaxaca de Ju\u00e1rez.<\/p>\n\n\n\n<p>Por su parte, el&nbsp; titular de la Fiscal\u00eda General del Estado de Oaxaca (FGEO) explic\u00f3 que&nbsp; este programa es una acci\u00f3n de proximidad social, por medio del cual se articulan acciones interinstitucionales que involucran a los tres niveles de gobierno con el objetivo de dar atenci\u00f3n directa a las problem\u00e1ticas que tiene la ciudadan\u00eda en materia de seguridad y procuraci\u00f3n de justicia.<\/p>\n\n\n\n<p>Y explic\u00f3 que una de las prioridades de este programa es contribuir a la reconstrucci\u00f3n del tejido social pues, donde hay delitos hay una ruptura, por cual es necesario que la ciudadan\u00eda, en conjunto con las instituciones, trabajen en colaboraci\u00f3n para que, a trav\u00e9s del di\u00e1logo y la cooperaci\u00f3n se reconstruya la confianza, se mejore la convivencia entre vecinas y vecinos, para establecer v\u00ednculos que generen un sentido de comunidad.<\/p>\n\n\n\n<p>El fiscal Bernardo Rodr\u00edguez Alamilla resalt\u00f3 que a estos esfuerzos se suma la atenci\u00f3n interinstitucional, ya que con este programa de proximidad social se establece tambi\u00e9n un di\u00e1logo directo entre las instancias gubernamentales y la sociedad, adem\u00e1s que se establecen compromisos concretos a los cuales se les da seguimiento para su cumplimiento, para dar respuesta inmediata a las necesidades y preocupaciones de los habitantes.<\/p>\n\n\n\n<p>\u201cLos procesos de mejoramiento de la seguridad y procuraci\u00f3n de justicia requieren de la colaboraci\u00f3n entre las instituciones y la sociedad pues, no hay ninguna pol\u00edtica p\u00fablica que funcione sin que exista esta sinergia, ya que por medio de este intercambio se atienden las necesidades espec\u00edficas de las colonias, municipios y el estado en general\u201d, explic\u00f3 el Fiscal, Bernardo Rodr\u00edguez Alamilla.<\/p>\n\n\n\n<p>Finalmente, el fiscal de Oaxaca dijo que el programa de proximidad social \u201cFiscal\u00eda en tu Comunidad llega a tu Colonia\u201d,&nbsp; acerca los servicios de la instituci\u00f3n a la poblaci\u00f3n, ya que se pueden realizar denuncias, se brinda asesor\u00eda, pueden tramitar actas de extrav\u00edo, circunstanciadas, adem\u00e1s se llevan a cabo canalizaciones internas a otras \u00e1reas de la FGEO y externas a otras instancias en casos necesarios.<\/p>\n","protected":false},"excerpt":{"rendered":"<p>Redacci\u00f3n\/Zona Roja. Oaxaca, Oax., a 1 de septiembre de 2025.- &nbsp;Al inaugurar la jornada de&hellip;<\/p>\n","protected":false},"author":2,"featured_media":84146,"comment_status":"closed","ping_status":"open","sticky":false,"template":"","format":"standard","meta":{"_lmt_disableupdate":"","_lmt_disable":"","_jetpack_memberships_contains_paid_content":false,"footnotes":""},"categories":[109,46],"tags":[494],"class_list":["post-84145","post","type-post","status-publish","format-standard","has-post-thumbnail","hentry","category-minuto-a-minuto","category-zona-blanca","tag-fiscalia-general-del-estado-de-oaxaca"],"jetpack_featured_media_url":"https:\/\/zonaroja.com.mx\/wp-content\/uploads\/2025\/09\/Fiscalia-en-tu-colonia-agencia-Guadalupe-Victoria-ciudad-de-Oaxaca.jpeg","jetpack_sharing_enabled":true,"_links":{"self":[{"href":"https:\/\/zonaroja.com.mx\/index.php?rest_route=\/wp\/v2\/posts\/84145","targetHints":{"allow":["GET"]}}],"collection":[{"href":"https:\/\/zonaroja.com.mx\/index.php?rest_route=\/wp\/v2\/posts"}],"about":[{"href":"https:\/\/zonaroja.com.mx\/index.php?rest_route=\/wp\/v2\/types\/post"}],"author":[{"embeddable":true,"href":"https:\/\/zonaroja.com.mx\/index.php?rest_route=\/wp\/v2\/users\/2"}],"replies":[{"embeddable":true,"href":"https:\/\/zonaroja.com.mx\/index.php?rest_route=%2Fwp%2Fv2%2Fcomments&post=84145"}],"version-history":[{"count":1,"href":"https:\/\/zonaroja.com.mx\/index.php?rest_route=\/wp\/v2\/posts\/84145\/revisions"}],"predecessor-version":[{"id":84147,"href":"https:\/\/zonaroja.com.mx\/index.php?rest_route=\/wp\/v2\/posts\/84145\/revisions\/84147"}],"wp:featuredmedia":[{"embeddable":true,"href":"https:\/\/zonaroja.com.mx\/index.php?rest_route=\/wp\/v2\/media\/84146"}],"wp:attachment":[{"href":"https:\/\/zonaroja.com.mx\/index.php?rest_route=%2Fwp%2Fv2%2Fmedia&parent=84145"}],"wp:term":[{"taxonomy":"category","embeddable":true,"href":"https:\/\/zonaroja.com.mx\/index.php?rest_route=%2Fwp%2Fv2%2Fcategories&post=84145"},{"taxonomy":"post_tag","embeddable":true,"href":"https:\/\/zonaroja.com.mx\/index.php?rest_route=%2Fwp%2Fv2%2Ftags&post=84145"}],"curies":[{"name":"wp","href":"https:\/\/api.w.org\/{rel}","templated":true}]}}