{"id":84148,"date":"2025-09-01T10:30:00","date_gmt":"2025-09-01T16:30:00","guid":{"rendered":"https:\/\/zonaroja.com.mx\/?p=84148"},"modified":"2025-09-01T11:10:25","modified_gmt":"2025-09-01T17:10:25","slug":"opinion-poder-judicial-de-la-historia-al-desden-por-la-justicia-y-por-las-mujeres","status":"publish","type":"post","link":"https:\/\/zonaroja.com.mx\/?p=84148","title":{"rendered":"Opini\u00f3n. Poder Judicial: de lo hist\u00f3rico al desd\u00e9n por la justicia y por las mujeres"},"content":{"rendered":"\n<p>Ismael Garc\u00eda M.\/Zona Roja.<\/p>\n\n\n\n<p>Oaxaca, Oax., a 1 de septiembre de 2025.- Un corto periodo, de menos de dos a\u00f1os, termin\u00f3 sin ning\u00fan cambio en el Poder Judicial de Oaxaca.<\/p>\n\n\n\n<p>Por el contrario, con Berenice Ram\u00edrez Jim\u00e9nez, se empoderaron la injusticia, las violaciones a los derechos de los trabajadores y las irregularidades, seg\u00fan testimonios p\u00fablicos y denuncias de los muchos afectados.<\/p>\n\n\n\n<p>Con poca experiencia en el ramo judicial \u2014como parece ser el requisito fundamental en la Cuarta Transformaci\u00f3n, m\u00e1s en ese poder\u2014, arrib\u00f3 con el \u00e1nimo de transformar y dar prioridad a las mujeres y a los grupos vulnerables. Pero result\u00f3 lo contrario.<\/p>\n\n\n\n<p>Con respaldo federal, y con la ayuda del \u201cacorde\u00f3n\u201d, Ram\u00edrez Jim\u00e9nez asume este lunes una magistratura federal, con una estela de conflictos e inconformidades, principalmente de trabajadores de confianza, porque con los sindicalizados simplemente no pudo.<\/p>\n\n\n\n<p>En dos a\u00f1os, las caracter\u00edsticas del Poder Judicial fueron pleitos, reclamos, despidos, injusticias para las mujeres y un desorden en el manejo del erario, entre otras cosas.<\/p>\n\n\n\n<p>DEL DISCURSO AL HECHO<\/p>\n\n\n\n<p>\u201cHoy las mujeres en el \u00e1mbito jurisdiccional somos valiosas porque hacemos que nuestra presencia no solo sea un discurso sino una realidad que nos recuerda seguir trabajando en este periodo por la igualdad, la inclusi\u00f3n y no discriminaci\u00f3n, este es un compromiso, juzgar con estas directrices que den luz a las nuevas generaciones\u201d, puntualiz\u00f3 Berenice Ram\u00edrez al asumir el cargo, el 3 de enero de 2024.<\/p>\n\n\n\n<p>En su momento, se consider\u00f3 el hecho como hist\u00f3rico, al ser la primera mujer que encabezaba el Poder Judicial en Oaxaca; pero la realidad fue otra. Como despedida, apenas la semana pasada surgi\u00f3 una en\u00e9sima denuncia, por parte de una madre de familia:&nbsp;<\/p>\n\n\n\n<p>A trav\u00e9s de un video, Daniela denunci\u00f3 que su agresor, Luis Alberto M. Z., sigue en libertad a pesar de que intent\u00f3 asesinarla en diciembre de 2019 y de que un juez lo sentenci\u00f3 en marzo pasado a la pena m\u00ednima, cinco a\u00f1os de prisi\u00f3n, pero por violencia familiar y no por intento de feminicidio.<\/p>\n\n\n\n<p>Por muchas razones, acusa, ha sido beneficiado por el Tribunal Superior de Justicia, con influencia de algunos funcionarios, para que no se concrete la c\u00e1rcel para el se\u00f1alado de intento de feminicidio.<\/p>\n\n\n\n<p>A una semana de irse, la todav\u00eda titular del Poder Judicial determin\u00f3 cesar a todos los trabajadores de confianza, as\u00ed no hubieran llegado con ella al iniciar el cargo.<\/p>\n\n\n\n<p>El orquestador de la medida: el director de Planeaci\u00f3n, \u00c9dgar Rogelio Estrada Ruiz, quien \u201cest\u00e1 obligando a jefes de departamentos y de oficina adscritos a las direcciones a firmar sus renuncias\u201d, se\u00f1alaron la semana pasada.<\/p>\n\n\n\n<p>A finales de diciembre pasado, Ram\u00edrez Jim\u00e9nez enfrent\u00f3 tambi\u00e9n m\u00faltiples reclamos por asuntos laborales, que incluyeron bloqueos de calles.<\/p>\n\n\n\n<p>Uno fue el de trabajadores de confianza, a quienes no pag\u00f3 ni aguinaldo ni prestaciones navide\u00f1as a que ten\u00edan derecho desde hace varios a\u00f1os.<\/p>\n\n\n\n<p>Otro fue el de magistrados y jueces, que acusaron que no recibieron completo el aguinaldo y firmaron un acuerdo como pleno, para exigir el pago correspondiente. Previo a ello se se\u00f1alaron irregularidades en el manejo presupuestal.<\/p>\n\n\n\n<p>En el colmo, los propios trabajadores se\u00f1alan que el responsable de su comunicaci\u00f3n social, Jorge Oropeza, triangul\u00f3 recursos de pago a medios informativos, pues los cobraba a nombre de una empresa \u201cfantasma\u201d a su cargo.<\/p>\n\n\n\n<p>Pero principalmente las irregularidades en la administraci\u00f3n de la justicia para las mujeres estuvieron a la orden del d\u00eda en el lapso de la magistrada titular.<\/p>\n\n\n\n<p>Berenice Ram\u00edrez Jim\u00e9nez asumi\u00f3 este 1 de septiembre una magistratura federal, pero dej\u00f3 una estela de injusticias hacia las mujeres\u2026 a las que dijo que proteger\u00eda y dar\u00eda prioridad en la atenci\u00f3n.<\/p>\n\n\n\n<p>\u00bfAHORA S\u00cd?<\/p>\n\n\n\n<p>El pasado viernes 29 de agosto, el pleno del Tribunal Superior de Justicia decidi\u00f3 que la nueva titular ser\u00eda \u00c9rika Mar\u00eda Rodr\u00edguez Rodr\u00edguez, con alta preparaci\u00f3n en la carrera judicial.<\/p>\n\n\n\n<p>\u201cMagistrada, feminista, penalista, mam\u00e1, orgullosa oaxaque\u00f1a, juntas podemos romper los esquemas para abrir m\u00e1s espacios a las mujeres\u201d, se define en su perfil de la red social X.&nbsp;<\/p>\n\n\n\n<p>Fue el 20 de diciembre de 2023 en que fue designada magistrada del Poder Judicial, \u201cresultado de una lucha de todas y todos. No es logro personal, es una conquista colectiva, suma de muchas voluntades y trabajo que sumaron\u201d, destac\u00f3 en su momento.&nbsp;<\/p>\n\n\n\n<p>Rodr\u00edguez Rodr\u00edguez es abogada egresada de la Universidad Aut\u00f3noma \u201cBenito Ju\u00e1rez\u201d de Oaxaca (UABJO), cuenta con maestr\u00eda y doctorado en Derecho Penal y maestr\u00eda en Derecho Judicial por la Universidad de Perugia, Italia, se inform\u00f3 en un comunicado.&nbsp;<\/p>\n\n\n\n<p>Adem\u00e1s, especialidad en Derecho Procesal Penal y Sistema Acusatorio; Especializaci\u00f3n en Prueba Testifical y Master en Razonamiento Probatorio por la por la Universidad de Girona, Espa\u00f1a y la Universidad de Genova Italia.&nbsp;<\/p>\n\n\n\n<p>Tambi\u00e9n es alumna de la Escuela de Verano en la Universidad de Gottingen, Alemania.&nbsp;<\/p>\n\n\n\n<p>En el Poder Judicial del Estado fungi\u00f3 como Jueza Mixta de Primera Instancia; Jueza de Control, Jueza del Tribunal de Enjuiciamiento y recientemente se desempe\u00f1aba como magistrada integrante de la Segunda Sala Penal Colegiada del Tribunal Superior de Justicia.<\/p>\n\n\n\n<p>EL PERIPLO<\/p>\n\n\n\n<p>De acuerdo con informaci\u00f3n difundida ayer, la entonces jueza de control, Erika Mar\u00eda Rodr\u00edguez, fue v\u00edctima de persecuci\u00f3n pol\u00edtica durante el sexenio de Alejandro Murat Hinojosa, entonces priista hoy morenista.<\/p>\n\n\n\n<p>Junto con sus abogados Carlos Morales S\u00e1nchez y Baldomero Mendoza, enfrent\u00f3 una embestida judicial que los oblig\u00f3 a solicitar la intervenci\u00f3n de la Comisi\u00f3n Interamericana de Derechos Humanos (CIDH) y del Relator Especial de la ONU sobre la independencia judicial.<\/p>\n\n\n\n<p>El conflicto se desat\u00f3 cuando Erika Rodr\u00edguez particip\u00f3 en el proceso para ser magistrada del Tribunal Superior de Justicia. Obtuvo las mejores calificaciones, incluso fue dictaminada como apta por el Congreso de Oaxaca. Sin embargo, el entonces gobernador rompi\u00f3 con el principio de paridad y decidi\u00f3 otorgar el cargo a Mois\u00e9s Molina, un hombre de su confianza.<\/p>\n\n\n\n<p>Acompa\u00f1ada por el equipo de Litigio Estrat\u00e9gico y por Mendoza, Rodr\u00edguez llev\u00f3 su caso a la Suprema Corte de Justicia de la Naci\u00f3n (SCJN) y a instancias internacionales. La respuesta del gobierno de Murat fue endurecer la persecuci\u00f3n: abri\u00f3 carpetas de investigaci\u00f3n en su contra y busc\u00f3 acallar su reclamo mediante procesos penales.<\/p>\n\n\n\n<p>\u00bfLas mujeres ahora s\u00ed podr\u00e1n acceder a la justicia plena? <\/p>\n\n\n\n<p>No se espera que el Poder Judicial sea ahora s\u00ed independiente, porque siempre ha estado supeditada a los designios del Poder Ejecutivo, pero s\u00ed cuando menos haga realidad sus compromisos y su vocaci\u00f3n en la defensa de las mujeres.<\/p>\n","protected":false},"excerpt":{"rendered":"<p>Ismael Garc\u00eda M.\/Zona Roja. Oaxaca, Oax., a 1 de septiembre de 2025.- Un corto periodo,&hellip;<\/p>\n","protected":false},"author":2,"featured_media":67764,"comment_status":"closed","ping_status":"open","sticky":false,"template":"","format":"standard","meta":{"_lmt_disableupdate":"","_lmt_disable":"","_jetpack_memberships_contains_paid_content":false,"footnotes":""},"categories":[456,48],"tags":[1353],"class_list":["post-84148","post","type-post","status-publish","format-standard","has-post-thumbnail","hentry","category-columna","category-zona-critica","tag-opinion-zona-critica"],"jetpack_featured_media_url":"https:\/\/zonaroja.com.mx\/wp-content\/uploads\/2024\/04\/Opinion-Zona-Roja-Ismael-Garcia.jpg","jetpack_sharing_enabled":true,"_links":{"self":[{"href":"https:\/\/zonaroja.com.mx\/index.php?rest_route=\/wp\/v2\/posts\/84148","targetHints":{"allow":["GET"]}}],"collection":[{"href":"https:\/\/zonaroja.com.mx\/index.php?rest_route=\/wp\/v2\/posts"}],"about":[{"href":"https:\/\/zonaroja.com.mx\/index.php?rest_route=\/wp\/v2\/types\/post"}],"author":[{"embeddable":true,"href":"https:\/\/zonaroja.com.mx\/index.php?rest_route=\/wp\/v2\/users\/2"}],"replies":[{"embeddable":true,"href":"https:\/\/zonaroja.com.mx\/index.php?rest_route=%2Fwp%2Fv2%2Fcomments&post=84148"}],"version-history":[{"count":2,"href":"https:\/\/zonaroja.com.mx\/index.php?rest_route=\/wp\/v2\/posts\/84148\/revisions"}],"predecessor-version":[{"id":84160,"href":"https:\/\/zonaroja.com.mx\/index.php?rest_route=\/wp\/v2\/posts\/84148\/revisions\/84160"}],"wp:featuredmedia":[{"embeddable":true,"href":"https:\/\/zonaroja.com.mx\/index.php?rest_route=\/wp\/v2\/media\/67764"}],"wp:attachment":[{"href":"https:\/\/zonaroja.com.mx\/index.php?rest_route=%2Fwp%2Fv2%2Fmedia&parent=84148"}],"wp:term":[{"taxonomy":"category","embeddable":true,"href":"https:\/\/zonaroja.com.mx\/index.php?rest_route=%2Fwp%2Fv2%2Fcategories&post=84148"},{"taxonomy":"post_tag","embeddable":true,"href":"https:\/\/zonaroja.com.mx\/index.php?rest_route=%2Fwp%2Fv2%2Ftags&post=84148"}],"curies":[{"name":"wp","href":"https:\/\/api.w.org\/{rel}","templated":true}]}}