{"id":8415,"date":"2020-02-04T21:30:20","date_gmt":"2020-02-05T03:30:20","guid":{"rendered":"http:\/\/www.zonaroja.com.mx\/?p=8415"},"modified":"2020-02-04T21:45:28","modified_gmt":"2020-02-05T03:45:28","slug":"vera-carrizal-un-tipo-violento-y-peligros-mas-que-poderoso-abogada-de-maria-elena","status":"publish","type":"post","link":"https:\/\/zonaroja.com.mx\/?p=8415","title":{"rendered":"Vera Carrizal, \u201cun tipo violento y peligros, m\u00e1s que poderoso\u201d: abogada de Mar\u00eda Elena"},"content":{"rendered":"\n<p>Yuridiana Sosa\/Zona Roja.<\/p>\n\n\n\n<p>Oaxaca de Ju\u00e1rez, Oax., 4 de febrero de\n2020.- A casi cinco meses del ataque con \u00e1cido contra la saxofonista oaxaque\u00f1a\nMar\u00eda Elena R\u00edos, del cual persiste impunidad para detener al presunto autor\nintelectual a pesar de las pruebas que se\u00f1alan a Juan Vera Carrizal, la abogada\ny defensora de derechos humanos, Ana Katiria Su\u00e1rez, consider\u00f3 al agresor como\nun peligro para la sociedad por el grado de maldad al planear dicho atentado.<\/p>\n\n\n\n<p>Durante una entrevista en una televisora nacional, del Grupo Imagen, la abogada penalista calific\u00f3 al ex diputado oaxaque\u00f1o, como \u201cun tipo violento y peligroso, m\u00e1s que poderoso\u201d, con relaci\u00f3n a su actitud agresiva contra una mujer en comparativa con su cercan\u00eda con el gobierno estatal actual emanado del Partido Revolucionario Institucional (PRI) y al cual represent\u00f3 en la legislatura pasada.<\/p>\n\n\n\n<p>Katiria Su\u00e1rez asever\u00f3 que los dos\nconfesionales, detenidos como autores materiales del hecho, se\u00f1alaron a Vera\nCarrizal como el autor intelectual con una coartada, que ella denomin\u00f3,\nespeluznante, por el grado de odio que conlleva.<\/p>\n\n\n\n<p>\u201cEstamos frente a una tentativa de\nfeminicidio\u201d, puntualiz\u00f3 la experimentada abogada en la defensa de las mujeres,\nquien adem\u00e1s sentenci\u00f3 el abandono institucional por parte del sistema judicial\noaxaque\u00f1o. Adem\u00e1s de la deficiente atenci\u00f3n psicoemocional para la joven y su\nfamilia.<\/p>\n\n\n\n<p>Las investigaciones son lentas e\nincluso torpes, dijo la abogada sobre el proceso que lleva a cabo la Fiscal\u00eda\nGeneral del Estado sobre este caso, del cual la madre de Mar\u00eda Elena tambi\u00e9n\ndebe ser considerada como una v\u00edctima directa y no secundar\u00eda como qued\u00f3\nasentado en la capeta de investigaci\u00f3n debido a que tambi\u00e9n sufri\u00f3 quemaduras\nal tratar de ayudar a su hija.<\/p>\n\n\n\n<p>La abogada de la saxofonista llam\u00f3 al\npresunto responsable a enfrentarse a las declaraciones ante las instancias\ncorrespondientes, pues hasta el momento Vera Carrizal s\u00f3lo ofreci\u00f3 una\ndeclaraci\u00f3n p\u00fablica v\u00eda telef\u00f3nico a un medio de comunicaci\u00f3n local de\nHuajuapan de Le\u00f3n, en el que niega los se\u00f1alamientos en su contra e incluso\napunta extorsi\u00f3n por la familia de la joven.<\/p>\n\n\n\n<p>El caso, tomado por un grupo de\nabogados que dirige Ana Katiria, presentar\u00e1 ante las instancias de procuraci\u00f3n\nde justicia m\u00e1s evidencias sobre las agresiones psicol\u00f3gicas y amenazas que\nrecib\u00eda Mar\u00eda Elena de parte de Juan Vera durante la relaci\u00f3n sentimental que\ntuvieron.<\/p>\n\n\n\n<p>\u201cMar\u00eda Elena est\u00e1 muy deprimida, se siente muy abandonada\u201d, mencion\u00f3 la penalista.<\/p>\n\n\n\n<p><\/p>\n\n\n\n<p>Video aqu\u00ed:<\/p>\n\n\n\n<p><div class=\"fb-post\" data-href=\"https:\/\/www.facebook.com\/520961815102036\/posts\/716671892197693\/?vh=e&#038;d=n\" data-width=\"552\" style=\"background-color: #fff; display: inline-block;\"><\/div><\/p>\n","protected":false},"excerpt":{"rendered":"<p>Yuridiana Sosa\/Zona Roja. Oaxaca de Ju\u00e1rez, Oax., 4 de febrero de 2020.- A casi cinco&hellip;<\/p>\n","protected":false},"author":2,"featured_media":6686,"comment_status":"closed","ping_status":"open","sticky":false,"template":"","format":"standard","meta":{"_lmt_disableupdate":"","_lmt_disable":"","_jetpack_memberships_contains_paid_content":false,"footnotes":""},"categories":[109,47],"tags":[1343,1124],"class_list":["post-8415","post","type-post","status-publish","format-standard","has-post-thumbnail","hentry","category-minuto-a-minuto","category-zona-gris","tag-ana-katiria-suarez","tag-maria-elena-rios-ortiz"],"jetpack_featured_media_url":"https:\/\/zonaroja.com.mx\/wp-content\/uploads\/2019\/12\/Vera-Carrizal-y-Mar\u00eda-Elena.jpg","jetpack_sharing_enabled":true,"_links":{"self":[{"href":"https:\/\/zonaroja.com.mx\/index.php?rest_route=\/wp\/v2\/posts\/8415","targetHints":{"allow":["GET"]}}],"collection":[{"href":"https:\/\/zonaroja.com.mx\/index.php?rest_route=\/wp\/v2\/posts"}],"about":[{"href":"https:\/\/zonaroja.com.mx\/index.php?rest_route=\/wp\/v2\/types\/post"}],"author":[{"embeddable":true,"href":"https:\/\/zonaroja.com.mx\/index.php?rest_route=\/wp\/v2\/users\/2"}],"replies":[{"embeddable":true,"href":"https:\/\/zonaroja.com.mx\/index.php?rest_route=%2Fwp%2Fv2%2Fcomments&post=8415"}],"version-history":[{"count":3,"href":"https:\/\/zonaroja.com.mx\/index.php?rest_route=\/wp\/v2\/posts\/8415\/revisions"}],"predecessor-version":[{"id":8419,"href":"https:\/\/zonaroja.com.mx\/index.php?rest_route=\/wp\/v2\/posts\/8415\/revisions\/8419"}],"wp:featuredmedia":[{"embeddable":true,"href":"https:\/\/zonaroja.com.mx\/index.php?rest_route=\/wp\/v2\/media\/6686"}],"wp:attachment":[{"href":"https:\/\/zonaroja.com.mx\/index.php?rest_route=%2Fwp%2Fv2%2Fmedia&parent=8415"}],"wp:term":[{"taxonomy":"category","embeddable":true,"href":"https:\/\/zonaroja.com.mx\/index.php?rest_route=%2Fwp%2Fv2%2Fcategories&post=8415"},{"taxonomy":"post_tag","embeddable":true,"href":"https:\/\/zonaroja.com.mx\/index.php?rest_route=%2Fwp%2Fv2%2Ftags&post=8415"}],"curies":[{"name":"wp","href":"https:\/\/api.w.org\/{rel}","templated":true}]}}