{"id":84153,"date":"2025-09-01T11:21:00","date_gmt":"2025-09-01T17:21:00","guid":{"rendered":"https:\/\/zonaroja.com.mx\/?p=84153"},"modified":"2025-09-01T08:22:22","modified_gmt":"2025-09-01T14:22:22","slug":"respaldara-morena-en-el-senado-nuevas-iniciativas-de-la-presidenta-de-mexico","status":"publish","type":"post","link":"https:\/\/zonaroja.com.mx\/?p=84153","title":{"rendered":"Respaldar\u00e1 Morena en el Senado nuevas iniciativas de la Presidenta de M\u00e9xico"},"content":{"rendered":"\n<p>Redacci\u00f3n\/Zona Roja Cdmx.<\/p>\n\n\n\n<p>Ciudad de M\u00e9xico, a 1 de septiembre de 2025.- La bancada de Morena en el Senado llega unida y fortalecida para aprobar el paquete de iniciativas de la presidenta Claudia Sheinbaum a partir de este 1 de septiembre, asegur\u00f3 el senador Morales Toledo, quien resalt\u00f3 que entre las prioridades estar\u00e1n las iniciativas referentes a la Ley Aduanera, Ley General de Salud, para combatir la extorsi\u00f3n y, adem\u00e1s, el paquete econ\u00f3mico 2026.<\/p>\n\n\n\n<p>Indic\u00f3 que la reuni\u00f3n plenaria de la bancada se analizaron las iniciativas que el Ejecutivo presentar\u00e1 para fortalecer el marco jur\u00eddico que a\u00fan est\u00e1n pendientes, como leyes secundarias para dar herramientas a las personas juzgadoras que entrar\u00e1n en funciones, as\u00ed como regular los llamados \u201cjueces sin rostro\u201d.<\/p>\n\n\n\n<p>\u201cModificar la Ley de Amparo para reducir los tiempos en todos los procedimientos es muy relevante para que la justicia sea expedita\u201d.<\/p>\n\n\n\n<p>Apunt\u00f3 que las reformas al C\u00f3digo Nacional de Procedimientos Penales y la Ley Federal contra la Delincuencia Organizada, a fin de establecer plazos y fortalecer la estructura del sistema de procuraci\u00f3n e impartici\u00f3n de justicia, fue recibida por la Comisi\u00f3n Permanente, por lo que procesamiento ser\u00e1 \u00e1gil y estar\u00e1 aprobadas en septiembre.<\/p>\n\n\n\n<p>En cuanto a los \u201cjueces sin rostro\u201d, Morales Toledo explic\u00f3 que la propuesta presidencial considera que esta figura sea temporal, que se realice una valoraci\u00f3n caso por caso y que las medidas de protecci\u00f3n sean autorizadas, previa solicitud del Ministerio P\u00fablico o la autoridad judicial competente.<\/p>\n\n\n\n<p>\u201cLa presidenta est\u00e1 comprometida con fortalecer los mecanismos para combatir delitos de alto impacto, por lo que enviar\u00e1 una propuesta de Ley General contra la Extorsi\u00f3n, de tal manera que se persiga de oficio en todo el pa\u00eds, lo que implicar\u00e1 una modificaci\u00f3n al art\u00edculo 73 constitucional\u201d.<\/p>\n\n\n\n<p>En materia de facultades exclusivas del Senado, record\u00f3 que el secretario de Econom\u00eda, Marcelo Ebrard, dio a conocer que a finales de septiembre inician las negociaciones para revisar el acuerdo comercial trilateral con Estados Unidos y Canad\u00e1 conocido como el TMEC, por lo que ser\u00e1 prioridad para esta c\u00e1mara acompa\u00f1ar esas negociaciones, a fin de ratificarlo en su momento.<\/p>\n\n\n\n<p>En lo particular, el legislador zapoteco confirm\u00f3 que impulsar\u00e1 una serie de reformas para proteger el patrimonio cultural, material e inmaterial, de los pueblos originarios y afromexicano, que considera aspectos del reciente caso de apropiaci\u00f3n cultural cometida por la empresa Adidas contra el pueblo de Villa Hidalgo Yalalag, \u201cy esta propuesta acompa\u00f1ar\u00e1 a la iniciativa que la presidenta anunci\u00f3\u201d.<\/p>\n\n\n\n<p>\u201cPresentar\u00e9 una reforma para agilizar la entrega de t\u00edtulos profesionales, pues el retraso en la entrega de este documento complica a quienes terminan sus estudios profesionales colocarse en el marcado laboral\u201d.<\/p>\n\n\n\n<p>El legislador zapoteco a\u00f1adi\u00f3 que presentar\u00e1 una propuesta para afectar el uso de la tecnolog\u00eda que emplea el crimen organizado para atacar a las fuerzas de seguridad y que acompa\u00f1ar\u00e1 a su iniciativa, que ya est\u00e1 siendo analizada en comisiones, para regular la venta de drones en plataformas digitales.<\/p>\n\n\n\n<p>Finalmente, el senador Antonino Morales Toledo se\u00f1al\u00f3 que se apoyar\u00e1 el paquete presupuestal para 2026, donde al Senado le corresponde discutir y aprobar la Ley de Ingresos, \u201cy donde pondremos todo nuestro inter\u00e9s en que haya recursos para consolidar los programas sociales que est\u00e1n sacando a los mexicanos de la pobreza, pero tambi\u00e9n en aquellos rubros que se deber\u00e1n fortalecer como el apoyo a los consulados en Estados Unidos\u201d.<\/p>\n","protected":false},"excerpt":{"rendered":"<p>Redacci\u00f3n\/Zona Roja Cdmx. Ciudad de M\u00e9xico, a 1 de septiembre de 2025.- La bancada de&hellip;<\/p>\n","protected":false},"author":2,"featured_media":72068,"comment_status":"closed","ping_status":"open","sticky":false,"template":"","format":"standard","meta":{"_lmt_disableupdate":"","_lmt_disable":"","_jetpack_memberships_contains_paid_content":false,"footnotes":""},"categories":[109,46],"tags":[180],"class_list":["post-84153","post","type-post","status-publish","format-standard","has-post-thumbnail","hentry","category-minuto-a-minuto","category-zona-blanca","tag-antonino-morales-toledo"],"jetpack_featured_media_url":"https:\/\/zonaroja.com.mx\/wp-content\/uploads\/2024\/09\/Antonino-Morales-y-claudia-Sheinbaum.jpg","jetpack_sharing_enabled":true,"_links":{"self":[{"href":"https:\/\/zonaroja.com.mx\/index.php?rest_route=\/wp\/v2\/posts\/84153","targetHints":{"allow":["GET"]}}],"collection":[{"href":"https:\/\/zonaroja.com.mx\/index.php?rest_route=\/wp\/v2\/posts"}],"about":[{"href":"https:\/\/zonaroja.com.mx\/index.php?rest_route=\/wp\/v2\/types\/post"}],"author":[{"embeddable":true,"href":"https:\/\/zonaroja.com.mx\/index.php?rest_route=\/wp\/v2\/users\/2"}],"replies":[{"embeddable":true,"href":"https:\/\/zonaroja.com.mx\/index.php?rest_route=%2Fwp%2Fv2%2Fcomments&post=84153"}],"version-history":[{"count":1,"href":"https:\/\/zonaroja.com.mx\/index.php?rest_route=\/wp\/v2\/posts\/84153\/revisions"}],"predecessor-version":[{"id":84154,"href":"https:\/\/zonaroja.com.mx\/index.php?rest_route=\/wp\/v2\/posts\/84153\/revisions\/84154"}],"wp:featuredmedia":[{"embeddable":true,"href":"https:\/\/zonaroja.com.mx\/index.php?rest_route=\/wp\/v2\/media\/72068"}],"wp:attachment":[{"href":"https:\/\/zonaroja.com.mx\/index.php?rest_route=%2Fwp%2Fv2%2Fmedia&parent=84153"}],"wp:term":[{"taxonomy":"category","embeddable":true,"href":"https:\/\/zonaroja.com.mx\/index.php?rest_route=%2Fwp%2Fv2%2Fcategories&post=84153"},{"taxonomy":"post_tag","embeddable":true,"href":"https:\/\/zonaroja.com.mx\/index.php?rest_route=%2Fwp%2Fv2%2Ftags&post=84153"}],"curies":[{"name":"wp","href":"https:\/\/api.w.org\/{rel}","templated":true}]}}