{"id":84161,"date":"2025-09-01T18:31:35","date_gmt":"2025-09-02T00:31:35","guid":{"rendered":"https:\/\/zonaroja.com.mx\/?p=84161"},"modified":"2025-09-01T18:31:37","modified_gmt":"2025-09-02T00:31:37","slug":"se-agrava-problematica-interna-en-secundaria-para-trabajadores-de-huajuapan","status":"publish","type":"post","link":"https:\/\/zonaroja.com.mx\/?p=84161","title":{"rendered":"Se agrava problem\u00e1tica interna en Secundaria para Trabajadores de Huajuapan"},"content":{"rendered":"\n<p>Lisbeth Mej\u00eda Reyes\/Zona Roja.<\/p>\n\n\n\n<p>Oaxaca, Oax., a 1 de septiembre de 2025.- El conflicto interno en la Escuela Secundaria General para Trabajadores \u201cRicardo Flores Mag\u00f3n\u201d, de Huajuapan de Le\u00f3n, se agrav\u00f3 este lunes con la huelga de hambre iniciada y \u201ctoma\u201d de instalaciones por parte del comit\u00e9 de padres de familia.&nbsp;<\/p>\n\n\n\n<p>Este \u00faltimo exige la intervenci\u00f3n del presidente municipal, Luis de Le\u00f3n Mart\u00ednez, para solucionar sus demandas.<\/p>\n\n\n\n<p>En las \u00faltimas semanas, el conflicto se ha generado entre grupos de docentes y tambi\u00e9n de tutores.<\/p>\n\n\n\n<p>El comit\u00e9 de padres de familia, del que se ha dicho presidenta Juana Delfina Osorio Mata, se\u00f1al\u00f3 que la huelga de hambre es el \u00faltimo recurso que tienen ante la falta de respuestas de las autoridades educativas para conseguir una educaci\u00f3n digna para sus hijos.&nbsp;<\/p>\n\n\n\n<p>Asimismo, para exigir el cambio de la plantilla ante el problema interno que persiste entre las y los docentes, as\u00ed como el director, V\u00edctor Hugo Oropeza.<\/p>\n\n\n\n<p>Este grupo de padres ha exigido desde hace una semana el cumplimiento de los acuerdos tomados con el Instituto Estatal de Educaci\u00f3n P\u00fablica de Oaxaca (IEEPO) y la Secci\u00f3n 22 del magisterio oaxaque\u00f1o.&nbsp;<\/p>\n\n\n\n<p>Su protesta comenz\u00f3 con un bloqueo el pasado 26 de agosto en la carretera federal 190 Oaxaca -Huajuapan, a la altura de Tezoatl\u00e1n de Segura y Luna.<\/p>\n\n\n\n<p>D\u00edas despu\u00e9s, el 29 de agosto, docentes del Centro de Trabajo Sindical 188 de la Escuela Secundaria y padres y madres de familia fueron amenazados con un arma de fuego por parte de un sujeto al que identificaron como parte de una organizaci\u00f3n de taxistas.&nbsp;<\/p>\n\n\n\n<p>La Secci\u00f3n 22 del Sindicato Nacional de Trabajadores de la Educaci\u00f3n se pronunci\u00f3 en un comunicado para respaldar a sus compa\u00f1eras y denunciar la agresi\u00f3n, adem\u00e1s de explicar que sus colegas estaban ah\u00ed para atender el problema de la instituci\u00f3n.<\/p>\n\n\n\n<p>Hasta ahora, los conflictos persisten incluso entre padres de familia que apoyan a la plantilla docente y los del comit\u00e9 que exige la remoci\u00f3n de todos los profesores y del director.<\/p>\n","protected":false},"excerpt":{"rendered":"<p>Lisbeth Mej\u00eda Reyes\/Zona Roja. Oaxaca, Oax., a 1 de septiembre de 2025.- El conflicto interno&hellip;<\/p>\n","protected":false},"author":2,"featured_media":84162,"comment_status":"closed","ping_status":"open","sticky":false,"template":"","format":"standard","meta":{"_lmt_disableupdate":"","_lmt_disable":"","_jetpack_memberships_contains_paid_content":false,"footnotes":""},"categories":[109,47],"tags":[],"class_list":["post-84161","post","type-post","status-publish","format-standard","has-post-thumbnail","hentry","category-minuto-a-minuto","category-zona-gris"],"jetpack_featured_media_url":"https:\/\/zonaroja.com.mx\/wp-content\/uploads\/2025\/09\/Conflicto-secundaria-Huajuapan.jpg","jetpack_sharing_enabled":true,"_links":{"self":[{"href":"https:\/\/zonaroja.com.mx\/index.php?rest_route=\/wp\/v2\/posts\/84161","targetHints":{"allow":["GET"]}}],"collection":[{"href":"https:\/\/zonaroja.com.mx\/index.php?rest_route=\/wp\/v2\/posts"}],"about":[{"href":"https:\/\/zonaroja.com.mx\/index.php?rest_route=\/wp\/v2\/types\/post"}],"author":[{"embeddable":true,"href":"https:\/\/zonaroja.com.mx\/index.php?rest_route=\/wp\/v2\/users\/2"}],"replies":[{"embeddable":true,"href":"https:\/\/zonaroja.com.mx\/index.php?rest_route=%2Fwp%2Fv2%2Fcomments&post=84161"}],"version-history":[{"count":1,"href":"https:\/\/zonaroja.com.mx\/index.php?rest_route=\/wp\/v2\/posts\/84161\/revisions"}],"predecessor-version":[{"id":84163,"href":"https:\/\/zonaroja.com.mx\/index.php?rest_route=\/wp\/v2\/posts\/84161\/revisions\/84163"}],"wp:featuredmedia":[{"embeddable":true,"href":"https:\/\/zonaroja.com.mx\/index.php?rest_route=\/wp\/v2\/media\/84162"}],"wp:attachment":[{"href":"https:\/\/zonaroja.com.mx\/index.php?rest_route=%2Fwp%2Fv2%2Fmedia&parent=84161"}],"wp:term":[{"taxonomy":"category","embeddable":true,"href":"https:\/\/zonaroja.com.mx\/index.php?rest_route=%2Fwp%2Fv2%2Fcategories&post=84161"},{"taxonomy":"post_tag","embeddable":true,"href":"https:\/\/zonaroja.com.mx\/index.php?rest_route=%2Fwp%2Fv2%2Ftags&post=84161"}],"curies":[{"name":"wp","href":"https:\/\/api.w.org\/{rel}","templated":true}]}}