{"id":84164,"date":"2025-09-01T19:59:55","date_gmt":"2025-09-02T01:59:55","guid":{"rendered":"https:\/\/zonaroja.com.mx\/?p=84164"},"modified":"2025-09-01T19:59:57","modified_gmt":"2025-09-02T01:59:57","slug":"vamos-bien-y-vamos-a-ir-mejor-promete-sheinbaum-en-informe","status":"publish","type":"post","link":"https:\/\/zonaroja.com.mx\/?p=84164","title":{"rendered":"\u2018Vamos bien y vamos a ir mejor\u2019, promete Sheinbaum en informe"},"content":{"rendered":"\n<p>Redacci\u00f3n\/Zona Roja Cdmx.<\/p>\n\n\n\n<p>Ciudad de M\u00e9xico, a 1 de septiembre de 2025.- Durante su primer Informe de Gobierno, la presidenta Claudia Sheinbaum mencion\u00f3 frases representativas con las que hizo referencia a Donald Trump, Andr\u00e9s Manuel L\u00f3pez Obrador y al nuevo Poder Judicial que entra en funciones este 1 de septiembre.<\/p>\n\n\n\n<p>Al iniciar su discurso, la mandataria asegur\u00f3: \u201cComo primera mujer presidenta, vengo a rendir cuentas a la naci\u00f3n con resultados y sostengo como el primer d\u00eda que no llego sola, llegamos todas\u201d.<\/p>\n\n\n\n<p>En uno de los primeros temas, la mandataria destac\u00f3 los avances en las cifras de pobreza.<\/p>\n\n\n\n<p>\u201cDamos continuidad y avanzamos sustentados en la gran haza\u00f1a del presidente L\u00f3pez Obrador que sac\u00f3 de la pobreza a m\u00e1s de 13 millones de personas\u201d, mencion\u00f3 la mandataria.<\/p>\n\n\n\n<p>Como parte de sus principales avances, la presidenta Sheinbaum destac\u00f3 la aprobaci\u00f3n de hasta nueve reformas, una de ellas dio origen a la elecci\u00f3n del Poder Judicial.<\/p>\n\n\n\n<p>\u201c\u00a1Bienvenido el nuevo Poder Judicial\u201d, agreg\u00f3 la mandataria, quien dijo que se acaba la era del nepotismo y la corrupci\u00f3n, previo a la toma de posesi\u00f3n de los nuevos ministros de la Suprema Corte de Justicia de la Naci\u00f3n (SCJN).<\/p>\n\n\n\n<p>Al mencionar a Estados Unidos, la presidenta record\u00f3 que M\u00e9xico tiene una de las tasas arancelarias m\u00e1s bajas en comparaci\u00f3n con otros pa\u00edses del mundo.<\/p>\n\n\n\n<p>\u201cEstamos viviendo un momento estelar en nuestra historia. Aun en medio de las circunstancias dif\u00edciles a nivel mundial\u201d, agreg\u00f3.<\/p>\n\n\n\n<p>Sin embargo, la mandataria tambi\u00e9n le dio \u2018un llegue\u2019 al presidente de EU, Donald Trump, al enfatizar el nombre del Golfo de M\u00e9xico.<\/p>\n\n\n\n<p>\u201cEn el Golfo de M\u00e9xico\u2026Golfo de M\u00e9xico se har\u00e1 la ampliaci\u00f3n de puertos\u201d, afirm\u00f3 y despu\u00e9s fue aplaudida por la referencia luego de que Trump amenaz\u00f3 con renombrarlo como Golfo de Am\u00e9rica.<\/p>\n\n\n\n<p>Uno de los temas que presumi\u00f3 Claudia Sheinbaum fue la incorporaci\u00f3n de tres nuevos programas sociales durante su sexenio, entre ellos la Pensi\u00f3n Mujeres Bienestar, la Beca Rita Cetina y Salud Casa por Casa.<\/p>\n\n\n\n<p>El primero beneficia a las mujeres de 60 a 64 a\u00f1os con m\u00e1s de tres mil pesos bimestrales, el segundo se entrega en su primera fase a estudiantes de secundaria y el tercero, monitorea la salud de adultos mayores como una forma de garantizar el acceso a la salud. \u201cLos derechos sociales son la base del bienestar\u201d, agreg\u00f3 Sheinbaum.<\/p>\n\n\n\n<p>\u201cEn M\u00e9xico no existe la censura (\u2026) la presidenta camina sin miedo y con cercan\u00eda por todo el pa\u00eds\u201d, asegur\u00f3 la mandataria en referencia a su forma de gobierno durante su primer a\u00f1o.<\/p>\n\n\n\n<p>Momentos antes de finalizar el discurso, la presidenta adelant\u00f3: \u201cYa vamos a acabar, eh\u201d, agreg\u00f3 con una sonrisa y destac\u00f3 no solo las obras que est\u00e1n avanzando en su sexenio, sino tambi\u00e9n los resultados en seguridad.<\/p>\n\n\n\n<p>\u201cCuando no hay corrupci\u00f3n, alcanza para m\u00e1s\u201d, agreg\u00f3 la mandataria al hacer referencia a la inversi\u00f3n en infraestructura en comunicaciones, entre ellos obras como la remodelaci\u00f3n del Aeropuerto Internacional de la Ciudad de M\u00e9xico (AICM).<\/p>\n\n\n\n<p>Al finalizar su Primer Informe de Gobierno, Sheinbaum puntualiz\u00f3: \u201cVamos bien y vamos a ir mejor (\u2026) Tengan la certeza de que no los voy a traicionar\u201d.<\/p>\n\n\n\n<p>(Informaci\u00f3n de \u201cEl Financiero\u201d)<\/p>\n","protected":false},"excerpt":{"rendered":"<p>Redacci\u00f3n\/Zona Roja Cdmx. Ciudad de M\u00e9xico, a 1 de septiembre de 2025.- Durante su primer&hellip;<\/p>\n","protected":false},"author":2,"featured_media":84171,"comment_status":"closed","ping_status":"open","sticky":false,"template":"","format":"standard","meta":{"_lmt_disableupdate":"","_lmt_disable":"","_jetpack_memberships_contains_paid_content":false,"footnotes":""},"categories":[109,46],"tags":[3370],"class_list":["post-84164","post","type-post","status-publish","format-standard","has-post-thumbnail","hentry","category-minuto-a-minuto","category-zona-blanca","tag-claudia-sheinbaum"],"jetpack_featured_media_url":"https:\/\/zonaroja.com.mx\/wp-content\/uploads\/2025\/09\/Claudia-Sheinbaum-primer-informe.jpg","jetpack_sharing_enabled":true,"_links":{"self":[{"href":"https:\/\/zonaroja.com.mx\/index.php?rest_route=\/wp\/v2\/posts\/84164","targetHints":{"allow":["GET"]}}],"collection":[{"href":"https:\/\/zonaroja.com.mx\/index.php?rest_route=\/wp\/v2\/posts"}],"about":[{"href":"https:\/\/zonaroja.com.mx\/index.php?rest_route=\/wp\/v2\/types\/post"}],"author":[{"embeddable":true,"href":"https:\/\/zonaroja.com.mx\/index.php?rest_route=\/wp\/v2\/users\/2"}],"replies":[{"embeddable":true,"href":"https:\/\/zonaroja.com.mx\/index.php?rest_route=%2Fwp%2Fv2%2Fcomments&post=84164"}],"version-history":[{"count":1,"href":"https:\/\/zonaroja.com.mx\/index.php?rest_route=\/wp\/v2\/posts\/84164\/revisions"}],"predecessor-version":[{"id":84172,"href":"https:\/\/zonaroja.com.mx\/index.php?rest_route=\/wp\/v2\/posts\/84164\/revisions\/84172"}],"wp:featuredmedia":[{"embeddable":true,"href":"https:\/\/zonaroja.com.mx\/index.php?rest_route=\/wp\/v2\/media\/84171"}],"wp:attachment":[{"href":"https:\/\/zonaroja.com.mx\/index.php?rest_route=%2Fwp%2Fv2%2Fmedia&parent=84164"}],"wp:term":[{"taxonomy":"category","embeddable":true,"href":"https:\/\/zonaroja.com.mx\/index.php?rest_route=%2Fwp%2Fv2%2Fcategories&post=84164"},{"taxonomy":"post_tag","embeddable":true,"href":"https:\/\/zonaroja.com.mx\/index.php?rest_route=%2Fwp%2Fv2%2Ftags&post=84164"}],"curies":[{"name":"wp","href":"https:\/\/api.w.org\/{rel}","templated":true}]}}