{"id":84173,"date":"2025-09-01T20:50:19","date_gmt":"2025-09-02T02:50:19","guid":{"rendered":"https:\/\/zonaroja.com.mx\/?p=84173"},"modified":"2025-09-01T20:50:21","modified_gmt":"2025-09-02T02:50:21","slug":"seccion-22-acusa-a-sheinbaum-de-falta-de-empatia-y-nulas-respuestas-a-demandas","status":"publish","type":"post","link":"https:\/\/zonaroja.com.mx\/?p=84173","title":{"rendered":"Secci\u00f3n 22 acusa a Sheinbaum de falta de empat\u00eda y nulas respuestas a demandas\u00a0"},"content":{"rendered":"\n<p>Lisbeth Mej\u00eda Reyes\/Zona Roja.<\/p>\n\n\n\n<p>Oaxaca, Oax., a 1 de septiembre de 2025.- La Secci\u00f3n 22 del Sindicato Nacional de Trabajadores de la Educaci\u00f3n (SNTE) y de la Coordinadora Nacional de Trabajadores de la Educaci\u00f3n (CNTE) se manifest\u00f3 este lunes en contra del primer informe de gobierno de la presidenta Claudia Sheinbaum Pardo.&nbsp;<\/p>\n\n\n\n<p>Con una marcha representativa que sali\u00f3 de la carretera federal 190 al Istmo, en el crucero hacia Tuxtepec hacia el z\u00f3calo de la ciudad de Oaxaca, as\u00ed como un mitin, la gremial extern\u00f3 su rechazo al informe, que coincidi\u00f3 con el inicio del ciclo escolar 2025-2026.&nbsp;<\/p>\n\n\n\n<p>La representaci\u00f3n expuso que lo se\u00f1alado por la mandataria, principalmente en materia educativa, dista mucho de la realidad. Esto al recordar que en siete a\u00f1os del gobierno de la Cuarta Transformaci\u00f3n no se han cumplido las promesas de campa\u00f1a del ex presidente Andr\u00e9s Manuel L\u00f3pez Obrador ni de la ahora presidenta Claudia Sheinbaum respecto a la reforma educativa y la abrogaci\u00f3n de la Ley del ISSSTE del 2007.<\/p>\n\n\n\n<p>\u00abQueremos externar que salimos hoy ante el primer informe de la presidenta Claudia Sheinbaum Pardo porque este magisterio democr\u00e1tico con 45 a\u00f1os de lucha tiene otros datos que no se presentan desde Palacio Nacional\u00bb, dijo Yenny Araceli P\u00e9rez Mart\u00ednez, secretaria General de la Secci\u00f3n 22 al recordar que, contrario al calendario oficial comenzaron clases el pasado 25 de agosto y por eso s\u00ed manifestaci\u00f3n de este lunes.<\/p>\n\n\n\n<p>\u00abHoy hemos escuchado un informe que dista mucho de la realidad, en materia educativa, en materia de seguridad social y desde luego de justicia social. Este gobierno de la Cuarta Transformaci\u00f3n lleva siete a\u00f1os en el poder.&nbsp;<\/p>\n\n\n\n<p>\u201cSi bien la presidenta en turno tiene un a\u00f1o, no olvidamos las promesas de campa\u00f1a que se hicieron desde hace siete a\u00f1os: que iban a abrogar la reforma educativa-laboral que hab\u00eda impulsado Pe\u00f1a Nieto. Hoy preguntamos si eso ha sido y se ha concretado, compa\u00f1eros\u00bb.<\/p>\n\n\n\n<p>Tras la respuesta de sus compa\u00f1eras y compa\u00f1eros en el mitin del z\u00f3calo, la secretaria confirm\u00f3 que no se ha abrogado la reforma educativa y que solamente se reform\u00f3 en 2019.<\/p>\n\n\n\n<figure class=\"wp-block-embed is-type-rich is-provider-twitter wp-block-embed-twitter\"><div class=\"wp-block-embed__wrapper\">\n<div class=\"twitter-tweet\"><blockquote class=\"twitter-tweet\" data-lang=\"es\"><p lang=\"es\" dir=\"ltr\">No hay nada que festejar en el informe presidencial, pues persiste la falta de justicia social y la mandataria <a href=\"https:\/\/twitter.com\/Claudiashein?ref_src=twsrc%5Etfw\">@Claudiashein<\/a> no ha cumplido sus promesas y compromisos con el magisterio de la CNTE con la abrogaci\u00f3n de leyes, asegur\u00f3 la dirigente de la Secci\u00f3n 22, Yenny Aracely\u2026 <a href=\"https:\/\/t.co\/pXdQc7uoma\">pic.twitter.com\/pXdQc7uoma<\/a><\/p>&mdash; Zona Roja Oaxaca (@ZonaRoja_Oaxaca) <a href=\"https:\/\/twitter.com\/ZonaRoja_Oaxaca\/status\/1962634844782960984?ref_src=twsrc%5Etfw\">1 de septiembre de 2025<\/a><\/blockquote><\/div>\n<\/div><\/figure>\n\n\n\n<p>\u00abA los trabajadores de la educaci\u00f3n nos mantienen en un r\u00e9gimen de excepci\u00f3n laboral, y esto quiere decir que somos los \u00fanicos trabajadores del Estado que no estamos regulados por el 123 en el apartado B, como lo est\u00e1n otros trabajadores del estado\u00bb, expres\u00f3 sobre otra de las demandas incumplidas, la de la abrogaci\u00f3n de la Ley del ISSSTE del 2007, que tambi\u00e9n fue una de sus demandas centrales en el pasado plant\u00f3n en Ciudad de M\u00e9xico.<\/p>\n\n\n\n<p>S\u00d3LO PROMESAS<\/p>\n\n\n\n<p>\u00abOtra promesa que hicieron con la presidenta actual, que estar\u00eda abrogando la Ley del ISSSTE del 2007, incluso la del IMSS del 97. No se ha cumplido. Quedaron en letras muertas, en discursos obsoletos, porque hoy seguimos caracterizando a este gobierno que se denomina de la Cuarta Transformaci\u00f3n como un gobierno de continuidad neoliberal porque siguen manteniendo esas leyes que laceran los derechos de los trabajadore. Entonces no es un gobierno distinto\u00bb.<\/p>\n\n\n\n<p>P\u00e9rez Mart\u00ednez tambi\u00e9n contradijo la propuesta del gobierno federal en la \u00faltima manifestaci\u00f3n de la CNTE en la capital del pa\u00eds, la del congelamiento de la edad para la jubilaci\u00f3n, que \u00abno es una soluci\u00f3n\u00bb, pues \u00ab\u00fanicamente estar\u00eda cubriendo a un 20 por ciento de los trabajadores del estado, pero el resto, el 80 por ciento, se quedan en la indefensi\u00f3n porque est\u00e1n condicionados a trabajar hasta los 65 a\u00f1os con un retiro, no una pensi\u00f3n, que depende de empresas privadas. Esas afores que se han beneficiado a costa de los trabajadores, 9 empresas privadas que mantienen el control econ\u00f3mico\u00bb.<\/p>\n\n\n\n<p>La gremial tambi\u00e9n se\u00f1al\u00f3 otros asuntos pendientes del gobierno federal como la desaparici\u00f3n de los 43 estudiantes normalistas de Ayotzinapa, el deterioro del sistema de salud y la falta de justicia por las agresiones que como magisterio sufrieron en el a\u00f1o 2006 por parte del ex gobernador Ulises Ruiz Ortiz.<\/p>\n\n\n\n<p>Antes, durante la marcha representativa que parti\u00f3 del crucero de Huay\u00e1pam al z\u00f3calo capitalino, la secretaria general se\u00f1al\u00f3 que hay una gran falta de empat\u00eda del gobierno federal hacia los trabajadores en general, pero sobre todo hacia el magisterio y eso se refleja en la inconformidad, en la jornada de lucha que tuvieron en los meses de mayo y junio, donde miles de compa\u00f1eros se movilizaron.<\/p>\n\n\n\n<p>\u00abEscuchan, pero no solucionan de fondo las problem\u00e1ticas\u00bb, apunt\u00f3.<\/p>\n","protected":false},"excerpt":{"rendered":"<p>Lisbeth Mej\u00eda Reyes\/Zona Roja. Oaxaca, Oax., a 1 de septiembre de 2025.- La Secci\u00f3n 22&hellip;<\/p>\n","protected":false},"author":2,"featured_media":84170,"comment_status":"closed","ping_status":"open","sticky":false,"template":"","format":"standard","meta":{"_lmt_disableupdate":"","_lmt_disable":"","_jetpack_memberships_contains_paid_content":false,"footnotes":""},"categories":[109,46],"tags":[312],"class_list":["post-84173","post","type-post","status-publish","format-standard","has-post-thumbnail","hentry","category-minuto-a-minuto","category-zona-blanca","tag-seccion-22-del-snte"],"jetpack_featured_media_url":"https:\/\/zonaroja.com.mx\/wp-content\/uploads\/2025\/09\/Marcha-Seccion-22.jpg","jetpack_sharing_enabled":true,"_links":{"self":[{"href":"https:\/\/zonaroja.com.mx\/index.php?rest_route=\/wp\/v2\/posts\/84173","targetHints":{"allow":["GET"]}}],"collection":[{"href":"https:\/\/zonaroja.com.mx\/index.php?rest_route=\/wp\/v2\/posts"}],"about":[{"href":"https:\/\/zonaroja.com.mx\/index.php?rest_route=\/wp\/v2\/types\/post"}],"author":[{"embeddable":true,"href":"https:\/\/zonaroja.com.mx\/index.php?rest_route=\/wp\/v2\/users\/2"}],"replies":[{"embeddable":true,"href":"https:\/\/zonaroja.com.mx\/index.php?rest_route=%2Fwp%2Fv2%2Fcomments&post=84173"}],"version-history":[{"count":1,"href":"https:\/\/zonaroja.com.mx\/index.php?rest_route=\/wp\/v2\/posts\/84173\/revisions"}],"predecessor-version":[{"id":84174,"href":"https:\/\/zonaroja.com.mx\/index.php?rest_route=\/wp\/v2\/posts\/84173\/revisions\/84174"}],"wp:featuredmedia":[{"embeddable":true,"href":"https:\/\/zonaroja.com.mx\/index.php?rest_route=\/wp\/v2\/media\/84170"}],"wp:attachment":[{"href":"https:\/\/zonaroja.com.mx\/index.php?rest_route=%2Fwp%2Fv2%2Fmedia&parent=84173"}],"wp:term":[{"taxonomy":"category","embeddable":true,"href":"https:\/\/zonaroja.com.mx\/index.php?rest_route=%2Fwp%2Fv2%2Fcategories&post=84173"},{"taxonomy":"post_tag","embeddable":true,"href":"https:\/\/zonaroja.com.mx\/index.php?rest_route=%2Fwp%2Fv2%2Ftags&post=84173"}],"curies":[{"name":"wp","href":"https:\/\/api.w.org\/{rel}","templated":true}]}}