{"id":84178,"date":"2025-09-02T06:59:01","date_gmt":"2025-09-02T12:59:01","guid":{"rendered":"https:\/\/zonaroja.com.mx\/?p=84178"},"modified":"2025-09-02T06:59:04","modified_gmt":"2025-09-02T12:59:04","slug":"sentencian-a-83-anos-de-prision-a-sujeto-que-violo-e-intento-matar-a-una-mujer","status":"publish","type":"post","link":"https:\/\/zonaroja.com.mx\/?p=84178","title":{"rendered":"Sentencian a 83 a\u00f1os de prisi\u00f3n a sujeto que viol\u00f3 e intent\u00f3 matar a una mujer\u00a0"},"content":{"rendered":"\n<p>Redacci\u00f3n\/Zona Roja.&nbsp;<\/p>\n\n\n\n<p>Oaxaca, Oax., a 2 de septiembre de 2025.- La Fiscal\u00eda General del Estado de Oaxaca (FGEO) obtuvo una sentencia condenatoria de 83 a\u00f1os y tres meses en contra de una persona del sexo masculino identificada como F.A., responsable de los delitos de Tentativa de Feminicidio Agravado y Violaci\u00f3n Agravada en agravio de una mujer, por hechos ocurridos en la regi\u00f3n de los Valles Centrales.<\/p>\n\n\n\n<p>De acuerdo con el expediente penal, los hechos ocurrieron el 12 de abril de 2021, cuando el sentenciado, quien era ex compa\u00f1ero de trabajo de la v\u00edctima, la contact\u00f3 v\u00eda telef\u00f3nica para ofrecerle trabajo.<\/p>\n\n\n\n<p>Enseguida, F.A. cit\u00f3 a la v\u00edctima en inmediaciones de la Central de Abasto de la capital oaxaque\u00f1a, de donde la llev\u00f3 hacia un camino de terracer\u00eda y posteriormente hasta un terreno bald\u00edo ubicado en la agencia de San Antonio Arrazola, jurisdicci\u00f3n de Santa Cruz Xoxocotl\u00e1n, sitio donde la v\u00edctima fue agredida sexualmente y f\u00edsicamente ocasion\u00e1ndole lesiones que pusieron en riesgo su vida.<\/p>\n\n\n\n<p>Ante estos hechos y tras la denuncia presentada, la instituci\u00f3n de procuraci\u00f3n de justicia inici\u00f3 una exhaustiva investigaci\u00f3n -a trav\u00e9s de la Fiscal\u00eda Especializada para la Atenci\u00f3n a Delitos contra la Mujer por Raz\u00f3n de G\u00e9nero y la Fiscal\u00eda para la Atenci\u00f3n e Investigaci\u00f3n de Feminicidios- logrando identificar, aprehender y presentar ante el Juez a F.A.<\/p>\n\n\n\n<p>Derivado de las investigaciones encabezadas por la FGEO, el Tribunal de Enjuiciamiento tuvo los elementos suficientes para dictar sentencia condenatoria contra F.A., a quien impuso la pena de 83 a\u00f1os y tres meses de prisi\u00f3n por su responsabilidad en los delitos de Tentativa de Feminicidio Agravado y Violaci\u00f3n Agravada.<\/p>\n\n\n\n<p>OTRO ABUSADOR<\/p>\n\n\n\n<p>En otro caso, la Fiscal\u00eda General del Estado obtuvo vinculaci\u00f3n a proceso y prisi\u00f3n preventiva en contra de un hombre identificado como A.F.P., imputado por el delito de equiparado a la violaci\u00f3n, ocurrida en la zona Mixe.<\/p>\n\n\n\n<p>El expediente penal del caso, detalla que el delito ocurri\u00f3 el 28 de julio de 2025, cuando la v\u00edctima (una ni\u00f1a de ocho a\u00f1os de edad, cuya identidad est\u00e1 reservada por ley) hab\u00eda acudido a comprar a una tienda de abarrotes, ubicada en calles de la localidad de Santiago Tepitongo, perteneciente a Totontepec Villa de Morelos, Mixe, lugar donde sufri\u00f3 agresiones.<\/p>\n\n\n\n<p>Al tener conocimiento de los hechos, derivado de la denuncia, la FGEO inici\u00f3 las investigaciones correspondientes a trav\u00e9s de la Vicefiscal\u00eda General de Control Regional, reuniendo las pruebas necesarias que permitieron obtener una orden de aprehensi\u00f3n y posteriormente la detenci\u00f3n de A.F.P., la cual fue ejecutada por elementos de la Agencia Estatal de Investigaciones (AEI) quienes lo prestaron ante la autoridad competente para su certificaci\u00f3n m\u00e9dica y posteriormente ante el Juez de control para su imputaci\u00f3n.<\/p>\n\n\n\n<p>En audiencia y derivado de la evaluaci\u00f3n de los datos de prueba aportados por la FGEO, el Juez de la causa dict\u00f3 auto de vinculaci\u00f3n a proceso en contra de A F.P., por el delito de equiparado a la violaci\u00f3n e impuso la medida cautelar de prisi\u00f3n preventiva justificada, otorgando un plazo de tres meses para el cierre de la investigaci\u00f3n complementaria.<\/p>\n","protected":false},"excerpt":{"rendered":"<p>Redacci\u00f3n\/Zona Roja.&nbsp; Oaxaca, Oax., a 2 de septiembre de 2025.- La Fiscal\u00eda General del Estado&hellip;<\/p>\n","protected":false},"author":2,"featured_media":84179,"comment_status":"closed","ping_status":"open","sticky":false,"template":"","format":"standard","meta":{"_lmt_disableupdate":"","_lmt_disable":"","_jetpack_memberships_contains_paid_content":false,"footnotes":""},"categories":[109,46],"tags":[494],"class_list":["post-84178","post","type-post","status-publish","format-standard","has-post-thumbnail","hentry","category-minuto-a-minuto","category-zona-blanca","tag-fiscalia-general-del-estado-de-oaxaca"],"jetpack_featured_media_url":"https:\/\/zonaroja.com.mx\/wp-content\/uploads\/2025\/09\/Sentenciado-a-83-anos-violador-e-intento-de-feminicidio.png","jetpack_sharing_enabled":true,"_links":{"self":[{"href":"https:\/\/zonaroja.com.mx\/index.php?rest_route=\/wp\/v2\/posts\/84178","targetHints":{"allow":["GET"]}}],"collection":[{"href":"https:\/\/zonaroja.com.mx\/index.php?rest_route=\/wp\/v2\/posts"}],"about":[{"href":"https:\/\/zonaroja.com.mx\/index.php?rest_route=\/wp\/v2\/types\/post"}],"author":[{"embeddable":true,"href":"https:\/\/zonaroja.com.mx\/index.php?rest_route=\/wp\/v2\/users\/2"}],"replies":[{"embeddable":true,"href":"https:\/\/zonaroja.com.mx\/index.php?rest_route=%2Fwp%2Fv2%2Fcomments&post=84178"}],"version-history":[{"count":1,"href":"https:\/\/zonaroja.com.mx\/index.php?rest_route=\/wp\/v2\/posts\/84178\/revisions"}],"predecessor-version":[{"id":84180,"href":"https:\/\/zonaroja.com.mx\/index.php?rest_route=\/wp\/v2\/posts\/84178\/revisions\/84180"}],"wp:featuredmedia":[{"embeddable":true,"href":"https:\/\/zonaroja.com.mx\/index.php?rest_route=\/wp\/v2\/media\/84179"}],"wp:attachment":[{"href":"https:\/\/zonaroja.com.mx\/index.php?rest_route=%2Fwp%2Fv2%2Fmedia&parent=84178"}],"wp:term":[{"taxonomy":"category","embeddable":true,"href":"https:\/\/zonaroja.com.mx\/index.php?rest_route=%2Fwp%2Fv2%2Fcategories&post=84178"},{"taxonomy":"post_tag","embeddable":true,"href":"https:\/\/zonaroja.com.mx\/index.php?rest_route=%2Fwp%2Fv2%2Ftags&post=84178"}],"curies":[{"name":"wp","href":"https:\/\/api.w.org\/{rel}","templated":true}]}}