{"id":84181,"date":"2025-09-02T08:15:00","date_gmt":"2025-09-02T14:15:00","guid":{"rendered":"https:\/\/zonaroja.com.mx\/?p=84181"},"modified":"2025-09-02T07:03:44","modified_gmt":"2025-09-02T13:03:44","slug":"asume-nueva-suprema-corte-del-acordeon-con-ausencia-de-austeridad","status":"publish","type":"post","link":"https:\/\/zonaroja.com.mx\/?p=84181","title":{"rendered":"Asume nueva Suprema Corte \u201cdel acorde\u00f3n\u201d\u2026 con ausencia de austeridad"},"content":{"rendered":"\n<p>Redacci\u00f3n\/Zona Roja Cdmx.&nbsp;&nbsp;<\/p>\n\n\n\n<p>Ciudad de M\u00e9xico, a 2 de septiembre de 2025.- El ministro presidente de la Suprema Corte de Justicia de la Naci\u00f3n (SCJN), Hugo Aguilar Ortiz, declar\u00f3 que buscar\u00e1 eliminar los excesos administrativos y gastos superfluos.<\/p>\n\n\n\n<p>Sin embargo, en su primer d\u00eda de trabajo, \u00e9l y sus compa\u00f1eros fueron captados llegando en camionetas de lujo.<\/p>\n\n\n\n<p>Durante la sesi\u00f3n solemne de instalaci\u00f3n de la nueva Suprema Corte, Hugo Aguilar anunci\u00f3 medidas con las que buscar\u00e1 ahorros de hasta mil 100 millones de pesos anuales.<\/p>\n\n\n\n<p>Para esto, anunci\u00f3 que solicitar\u00e1 al \u00d3rgano de Administraci\u00f3n Judicial para que los juzgadores electos en el pasado proceso ganen menos que la presidenta Claudia Sheinbaum, conforme lo mandata la Constituci\u00f3n.<\/p>\n\n\n\n<p>El ministro asegur\u00f3 que esto significar\u00e1 un ahorro anual de 300 millones de pesos.<\/p>\n\n\n\n<p>Asimismo anunci\u00f3 que habr\u00e1 un proceso de di\u00e1logo para que todos los funcionarios judiciales que tienen juicios interpuestos, ajusten sus remuneraciones en el mismo sentido para lograr un ahorro de 800 millones de pesos.<\/p>\n\n\n\n<p>Asegur\u00f3 que tambi\u00e9n revisar\u00e1n las remuneraciones de los ministros en retiro para que se ajusten a la Constituci\u00f3n, pues constataron que perciben salarios entre 205 y 385 mil pesos mensuales.<\/p>\n\n\n\n<p>CAMIONETAS \u201cMACHUCHONAS\u201d<\/p>\n\n\n\n<p>Pese a sus dichos, la noche de este 1 de septiembre, Aguilar Ortiz fue captado llegando a la Corte en una camioneta de lujo y en medio de un fuerte dispositivo de seguridad.<\/p>\n\n\n\n<p>Adem\u00e1s otras ministras fueron vistas llegando en camionetas Suburban y personal de seguridad.<\/p>\n\n\n\n<p>Pese a las cr\u00edticas y las irregularidades que envuelven a la elecci\u00f3n judicial, los nueve integrantes de la nueva Suprema Corte de Justicia de la Naci\u00f3n (SCJN) encabezaron la instalaci\u00f3n de sus trabajos.<\/p>\n\n\n\n<p>Durante su toma de protesta en el Senado de la Rep\u00fablica, los ministros Hugo Aguilar Ortiz, presidente; as\u00ed como Yasm\u00edn Esquivel, Lenia Batres, Loretta Ortiz, Mar\u00eda Estela R\u00edos, Sara Irene Herrer\u00edas, Giovanni Azael Figueroa, Irving Espinosa y Aristides Rodrigo Guerrero, recibieron sus constancias.<\/p>\n\n\n\n<p>Cerca de las 23:00 horas arranc\u00f3 la sesi\u00f3n solemne en la que se instalaron los trabajos de la nueva Suprema Corte, que ser\u00e1 encabezada por Hugo Aguilar.<\/p>\n\n\n\n<p>A este acto protocolario asisti\u00f3 la presidenta de M\u00e9xico, Claudia Sheinbaum Pardo; as\u00ed como los presidentes del Congreso de la Uni\u00f3n, Laura Itzel Castillo, del Senado, y Sergio Guti\u00e9rrez Luna, de la C\u00e1mara de Diputados.<\/p>\n\n\n\n<p>CORTE IRREGULAR<\/p>\n\n\n\n<p>A partir de este 1 de septiembre, la Suprema Corte est\u00e1 conformada por nueve ministras y ministros electos por voto popular, pese a que la elecci\u00f3n se realiz\u00f3 en medio de irregularidades y cuestionamientos por la participaci\u00f3n de apenas el 13.01% del electorado.<\/p>\n\n\n\n<p>El 1 de junio pasado, 881 personas juzgadoras resultaron electas, en medio de la circulaci\u00f3n de acordeones que fueron considerados como gu\u00edas de votaci\u00f3n.<\/p>\n\n\n\n<p>Asimismo, perfiles afines al r\u00e9gimen de Morena, que resultaron electos en las pasadas elecciones.<\/p>\n\n\n\n<p>La elecci\u00f3n judicial transit\u00f3 en medio cr\u00edticas por parte del Poder Judicial.<\/p>\n\n\n\n<p>El pasado 20 de agosto, el Tribunal Electoral valid\u00f3 la elecci\u00f3n de ministras y ministros de la Corte, pese a los se\u00f1alamientos por la existencia de acordeones, as\u00ed como irregularidades que pudieron constituir en la vulneraci\u00f3n de los principios constitucionales.<\/p>\n\n\n\n<p>El bloque de magistrados M\u00f3nica Soto, Felipe Fuentes y Felipe de la Mata rechaz\u00f3 los proyectos de los magistrados opositores Reyes Rodr\u00edguez y Janine Ot\u00e1lora, que propon\u00edan anular la elecci\u00f3n de ministros de la SCJN<\/p>\n\n\n\n<p>(Con informaci\u00f3n del portal Pol\u00edtico.Mx)<\/p>\n","protected":false},"excerpt":{"rendered":"<p>Redacci\u00f3n\/Zona Roja Cdmx.&nbsp;&nbsp; Ciudad de M\u00e9xico, a 2 de septiembre de 2025.- El ministro presidente&hellip;<\/p>\n","protected":false},"author":2,"featured_media":84166,"comment_status":"closed","ping_status":"open","sticky":false,"template":"","format":"standard","meta":{"_lmt_disableupdate":"","_lmt_disable":"","_jetpack_memberships_contains_paid_content":false,"footnotes":""},"categories":[109,47],"tags":[4324,2878],"class_list":["post-84181","post","type-post","status-publish","format-standard","has-post-thumbnail","hentry","category-minuto-a-minuto","category-zona-gris","tag-hugo-aguilar-ortiz","tag-suprema-corte-de-justicia-de-la-nacion-scjn"],"jetpack_featured_media_url":"https:\/\/zonaroja.com.mx\/wp-content\/uploads\/2025\/09\/Suprema-Corte-de-Justicia-de-la-Nacion-Hugo-Aguilar.jpg","jetpack_sharing_enabled":true,"_links":{"self":[{"href":"https:\/\/zonaroja.com.mx\/index.php?rest_route=\/wp\/v2\/posts\/84181","targetHints":{"allow":["GET"]}}],"collection":[{"href":"https:\/\/zonaroja.com.mx\/index.php?rest_route=\/wp\/v2\/posts"}],"about":[{"href":"https:\/\/zonaroja.com.mx\/index.php?rest_route=\/wp\/v2\/types\/post"}],"author":[{"embeddable":true,"href":"https:\/\/zonaroja.com.mx\/index.php?rest_route=\/wp\/v2\/users\/2"}],"replies":[{"embeddable":true,"href":"https:\/\/zonaroja.com.mx\/index.php?rest_route=%2Fwp%2Fv2%2Fcomments&post=84181"}],"version-history":[{"count":1,"href":"https:\/\/zonaroja.com.mx\/index.php?rest_route=\/wp\/v2\/posts\/84181\/revisions"}],"predecessor-version":[{"id":84182,"href":"https:\/\/zonaroja.com.mx\/index.php?rest_route=\/wp\/v2\/posts\/84181\/revisions\/84182"}],"wp:featuredmedia":[{"embeddable":true,"href":"https:\/\/zonaroja.com.mx\/index.php?rest_route=\/wp\/v2\/media\/84166"}],"wp:attachment":[{"href":"https:\/\/zonaroja.com.mx\/index.php?rest_route=%2Fwp%2Fv2%2Fmedia&parent=84181"}],"wp:term":[{"taxonomy":"category","embeddable":true,"href":"https:\/\/zonaroja.com.mx\/index.php?rest_route=%2Fwp%2Fv2%2Fcategories&post=84181"},{"taxonomy":"post_tag","embeddable":true,"href":"https:\/\/zonaroja.com.mx\/index.php?rest_route=%2Fwp%2Fv2%2Ftags&post=84181"}],"curies":[{"name":"wp","href":"https:\/\/api.w.org\/{rel}","templated":true}]}}