{"id":84183,"date":"2025-09-02T09:15:00","date_gmt":"2025-09-02T15:15:00","guid":{"rendered":"https:\/\/zonaroja.com.mx\/?p=84183"},"modified":"2025-09-02T07:09:03","modified_gmt":"2025-09-02T13:09:03","slug":"tiene-oaxaca-mayor-poblacion-afromexicana-que-continua-con-rezagos","status":"publish","type":"post","link":"https:\/\/zonaroja.com.mx\/?p=84183","title":{"rendered":"Tiene Oaxaca mayor poblaci\u00f3n afromexicana, que contin\u00faa con rezagos"},"content":{"rendered":"\n<p>Lisbeth Mej\u00eda Reyes\/Zona Roja.<\/p>\n\n\n\n<p>Oaxaca, Oax., a 2 de septiembre de 2025.- La poblaci\u00f3n afromexicana, considerada tambi\u00e9n la tercera ra\u00edz de M\u00e9xico, se encuentra principalmente en estados como Guerrero y Oaxaca, que son dos de los cinco que tienen la mayor proporci\u00f3n en el pa\u00eds, de acuerdo con el Instituto Nacional de Estad\u00edstica y Geograf\u00eda (Inegi).<\/p>\n\n\n\n<p>A prop\u00f3sito de la reciente conmemoraci\u00f3n del D\u00eda Internacional de las Personas Afrodescendientes (31 de agosto), el Inegi comparti\u00f3 algunos datos sobre esta poblaci\u00f3n, as\u00ed como sus problem\u00e1ticas.<\/p>\n\n\n\n<p>Hasta el a\u00f1o 2023, base de los datos, el Inegi se\u00f1al\u00f3 que \u00abGuerrero fue la entidad federativa con la mayor proporci\u00f3n de personas afrodescendientes, con 9.5 por ciento. Le siguieron Morelos, con 4.9 %; Colima y Quintana Roo, con 3.9 % y Oaxaca, con 3.6 por ciento. Por otra parte, las entidades con menor porcentaje fueron Sonora, con 0.2 %; Zacatecas, con 0.4 % y Nayarit, con 0.6 %\u00bb.<\/p>\n\n\n\n<p>Considerando que la poblaci\u00f3n del estado de Oaxaca era de 4.1 millones de personas para ese a\u00f1o, se estima que la poblaci\u00f3n afromexicana era de m\u00e1s de 147 mil personas.<\/p>\n\n\n\n<p>De acuerdo con la Secretar\u00eda de Interculturalidad del gobierno estatal, Oaxaca concentra a 11 de los 16 municipios en los cuales m\u00e1s del 40% de la poblaci\u00f3n se reconoce como afromexicana, negra o afrodescendiente.<\/p>\n\n\n\n<p>A nivel nacional, el Inegi detalla que una de las principales problem\u00e1ticas que afecta a la poblaci\u00f3n afromexicana o afrodescendiente es el rezago educativo, que es mayor que el promedio nacional.<\/p>\n\n\n\n<p>El 32.0 % de la poblaci\u00f3n afrodescendiente de 6 a 24 a\u00f1os no asist\u00eda a la escuela, porcentaje mayor que en la poblaci\u00f3n total, que fue de 29.7 por ciento.<\/p>\n\n\n\n<p>Sin embargo, en el estado de Oaxaca, las comunidades afromexicanas tambi\u00e9n se enfrentan a otros problemas. Ejemplo de ellos son los estragos del hurac\u00e1n Erick ocurrido en junio, debido a la p\u00e9rdida de sus cultivos, principal sustento econ\u00f3mico de sus familias.<\/p>\n","protected":false},"excerpt":{"rendered":"<p>Lisbeth Mej\u00eda Reyes\/Zona Roja. Oaxaca, Oax., a 2 de septiembre de 2025.- La poblaci\u00f3n afromexicana,&hellip;<\/p>\n","protected":false},"author":2,"featured_media":84184,"comment_status":"closed","ping_status":"open","sticky":false,"template":"","format":"standard","meta":{"_lmt_disableupdate":"","_lmt_disable":"","_jetpack_memberships_contains_paid_content":false,"footnotes":""},"categories":[109,47],"tags":[],"class_list":["post-84183","post","type-post","status-publish","format-standard","has-post-thumbnail","hentry","category-minuto-a-minuto","category-zona-gris"],"jetpack_featured_media_url":"https:\/\/zonaroja.com.mx\/wp-content\/uploads\/2025\/09\/Poblacion-mujeres-afromexicanas.jpg","jetpack_sharing_enabled":true,"_links":{"self":[{"href":"https:\/\/zonaroja.com.mx\/index.php?rest_route=\/wp\/v2\/posts\/84183","targetHints":{"allow":["GET"]}}],"collection":[{"href":"https:\/\/zonaroja.com.mx\/index.php?rest_route=\/wp\/v2\/posts"}],"about":[{"href":"https:\/\/zonaroja.com.mx\/index.php?rest_route=\/wp\/v2\/types\/post"}],"author":[{"embeddable":true,"href":"https:\/\/zonaroja.com.mx\/index.php?rest_route=\/wp\/v2\/users\/2"}],"replies":[{"embeddable":true,"href":"https:\/\/zonaroja.com.mx\/index.php?rest_route=%2Fwp%2Fv2%2Fcomments&post=84183"}],"version-history":[{"count":1,"href":"https:\/\/zonaroja.com.mx\/index.php?rest_route=\/wp\/v2\/posts\/84183\/revisions"}],"predecessor-version":[{"id":84185,"href":"https:\/\/zonaroja.com.mx\/index.php?rest_route=\/wp\/v2\/posts\/84183\/revisions\/84185"}],"wp:featuredmedia":[{"embeddable":true,"href":"https:\/\/zonaroja.com.mx\/index.php?rest_route=\/wp\/v2\/media\/84184"}],"wp:attachment":[{"href":"https:\/\/zonaroja.com.mx\/index.php?rest_route=%2Fwp%2Fv2%2Fmedia&parent=84183"}],"wp:term":[{"taxonomy":"category","embeddable":true,"href":"https:\/\/zonaroja.com.mx\/index.php?rest_route=%2Fwp%2Fv2%2Fcategories&post=84183"},{"taxonomy":"post_tag","embeddable":true,"href":"https:\/\/zonaroja.com.mx\/index.php?rest_route=%2Fwp%2Fv2%2Ftags&post=84183"}],"curies":[{"name":"wp","href":"https:\/\/api.w.org\/{rel}","templated":true}]}}