{"id":84186,"date":"2025-09-02T10:18:00","date_gmt":"2025-09-02T16:18:00","guid":{"rendered":"https:\/\/zonaroja.com.mx\/?p=84186"},"modified":"2025-09-02T08:19:55","modified_gmt":"2025-09-02T14:19:55","slug":"registra-oaxaca-inversion-publica-y-privada-por-unos-40-mil-mdp","status":"publish","type":"post","link":"https:\/\/zonaroja.com.mx\/?p=84186","title":{"rendered":"Registra Oaxaca inversi\u00f3n p\u00fablica y privada por unos 40 mil mdp"},"content":{"rendered":"\n<p>Ismael Garc\u00eda M.\/Zona Roja.<\/p>\n\n\n\n<p>Oaxaca, Oax., a 2 de septiembre de 2025.- En poco m\u00e1s de dos a\u00f1os y medio de gobierno, en Oaxaca se han invertido alrededor de 40 mil millones de pesos en recursos p\u00fablicos y privados, para generar desarrollo y bienestar.<\/p>\n\n\n\n<p>As\u00ed lo explic\u00f3 el titular de la Secretar\u00eda de Finanzas, Farid Acevedo L\u00f3pez, al participar en la conferencia de prensa del gobernador Salom\u00f3n Jara Cruz, efectuada ayer en la Ciudad de M\u00e9xico.<\/p>\n\n\n\n<p>En el caso de la administraci\u00f3n estatal, se han ejercido cerca de 25 mil millones de pesos en inversi\u00f3n p\u00fablica, cifra que casi duplica la alcanzada por el gobierno anterior en el mismo periodo.<\/p>\n\n\n\n<p>Detall\u00f3 que en 2023 fue de siete mil 600 millones de pesos, en 2024 ascendi\u00f3 a nueve mil 688 millones y, hasta julio de 2025, suma ocho mil 200 millones; en la administraci\u00f3n anterior \u2014que encabez\u00f3 el priista ahora morenista Alejandro Murat\u2014 fueron alrededor de 14 mil millones de pesos.<\/p>\n\n\n\n<p>\u201cEso proviene del manejo estricto de las finanzas, que me solicita el gobernador,&nbsp; para poder canalizar debidamente los recursos. El gobernador ha insistido que en cada municipio no solamente haya una obra sino hasta dos\u201d, dijo.<\/p>\n\n\n\n<p>Destac\u00f3, adem\u00e1s de los recursos para programas sociales, la inversi\u00f3n en el sistema de transporte Binnib\u00fas con 900 millones de pesos; la construcci\u00f3n del C5, la vialidad que conecta el puente La Experimental con el aeropuerto.<\/p>\n\n\n\n<p>Asimismo el parque \u201cPrimavera\u201d, el Centro Integral de Revalorizaci\u00f3n de Residuos S\u00f3lidos, la rehabilitaci\u00f3n de museos, el Centro Cultural del Istmo en Juchit\u00e1n y obras de reencarpeteamiento urbano en la capital, as\u00ed como el parque lineal en la zona del nuevo estadio de b\u00e9isbol.<\/p>\n\n\n\n<p>De continuar con esa tendencia, este a\u00f1o se cerrar\u00eda con 11 mil o 12 mil millones de pesos en inversi\u00f3n p\u00fablica, destac\u00f3 Farid L\u00f3pez.<\/p>\n\n\n\n<p>En cuanto a inversi\u00f3n privada, en lo que va de la administraci\u00f3n estatal, suman alrededor de 18 mil millones de pesos; entre ellos destacan el proyecto Entre Sierras, con cuatro mil 500 millones; el centro comercial parque Oaxaca con seis mil millones; ampliaci\u00f3n de aeropuertos y hospitales privados, por citar algunos.<\/p>\n\n\n\n<p>\u201cPr\u00e1cticamente entre inversi\u00f3n p\u00fablica y privada se est\u00e1n generando m\u00e1s de 40 mil millones de pesos; por eso es que hay dinamismo, hay crecimiento, porque luego se preguntan de d\u00f3nde se origina y esto es parte de la respuesta\u201d, puntualiz\u00f3 el secretario de Finanzas.<\/p>\n\n\n\n<figure class=\"wp-block-embed is-type-rich is-provider-twitter wp-block-embed-twitter\"><div class=\"wp-block-embed__wrapper\">\n<div class=\"twitter-tweet\"><blockquote class=\"twitter-tweet\" data-lang=\"es\"><p lang=\"es\" dir=\"ltr\">M\u00e1s de 23 mil millones de pesos se han invertido en lo que va del gobierno de <a href=\"https:\/\/twitter.com\/salomonj?ref_src=twsrc%5Etfw\">@salomonj<\/a>, sin deuda p\u00fablica, destac\u00f3 hoy en conferencia el secretario de Finanzas de Oaxaca, <a href=\"https:\/\/twitter.com\/Farid_AcevedoL?ref_src=twsrc%5Etfw\">@Farid_AcevedoL<\/a>; detall\u00f3 tambi\u00e9n de las inversiones del sector privado, unos 18 mil millones de pesos, para\u2026 <a href=\"https:\/\/t.co\/EuXfi6C2Ri\">pic.twitter.com\/EuXfi6C2Ri<\/a><\/p>&mdash; Zona Roja Oaxaca (@ZonaRoja_Oaxaca) <a href=\"https:\/\/twitter.com\/ZonaRoja_Oaxaca\/status\/1962736331609559288?ref_src=twsrc%5Etfw\">2 de septiembre de 2025<\/a><\/blockquote><\/div>\n<\/div><\/figure>\n","protected":false},"excerpt":{"rendered":"<p>Ismael Garc\u00eda M.\/Zona Roja. Oaxaca, Oax., a 2 de septiembre de 2025.- En poco m\u00e1s&hellip;<\/p>\n","protected":false},"author":2,"featured_media":84169,"comment_status":"closed","ping_status":"open","sticky":false,"template":"","format":"standard","meta":{"_lmt_disableupdate":"","_lmt_disable":"","_jetpack_memberships_contains_paid_content":false,"footnotes":""},"categories":[109,46],"tags":[3507,2346],"class_list":["post-84186","post","type-post","status-publish","format-standard","has-post-thumbnail","hentry","category-minuto-a-minuto","category-zona-blanca","tag-farid-acevedo-lopez","tag-secretaria-de-finanzas-gobierno-de-oaxaca"],"jetpack_featured_media_url":"https:\/\/zonaroja.com.mx\/wp-content\/uploads\/2025\/09\/Farid-Acevedo-Lopez.jpg","jetpack_sharing_enabled":true,"_links":{"self":[{"href":"https:\/\/zonaroja.com.mx\/index.php?rest_route=\/wp\/v2\/posts\/84186","targetHints":{"allow":["GET"]}}],"collection":[{"href":"https:\/\/zonaroja.com.mx\/index.php?rest_route=\/wp\/v2\/posts"}],"about":[{"href":"https:\/\/zonaroja.com.mx\/index.php?rest_route=\/wp\/v2\/types\/post"}],"author":[{"embeddable":true,"href":"https:\/\/zonaroja.com.mx\/index.php?rest_route=\/wp\/v2\/users\/2"}],"replies":[{"embeddable":true,"href":"https:\/\/zonaroja.com.mx\/index.php?rest_route=%2Fwp%2Fv2%2Fcomments&post=84186"}],"version-history":[{"count":1,"href":"https:\/\/zonaroja.com.mx\/index.php?rest_route=\/wp\/v2\/posts\/84186\/revisions"}],"predecessor-version":[{"id":84187,"href":"https:\/\/zonaroja.com.mx\/index.php?rest_route=\/wp\/v2\/posts\/84186\/revisions\/84187"}],"wp:featuredmedia":[{"embeddable":true,"href":"https:\/\/zonaroja.com.mx\/index.php?rest_route=\/wp\/v2\/media\/84169"}],"wp:attachment":[{"href":"https:\/\/zonaroja.com.mx\/index.php?rest_route=%2Fwp%2Fv2%2Fmedia&parent=84186"}],"wp:term":[{"taxonomy":"category","embeddable":true,"href":"https:\/\/zonaroja.com.mx\/index.php?rest_route=%2Fwp%2Fv2%2Fcategories&post=84186"},{"taxonomy":"post_tag","embeddable":true,"href":"https:\/\/zonaroja.com.mx\/index.php?rest_route=%2Fwp%2Fv2%2Ftags&post=84186"}],"curies":[{"name":"wp","href":"https:\/\/api.w.org\/{rel}","templated":true}]}}