{"id":84188,"date":"2025-09-02T11:21:00","date_gmt":"2025-09-02T17:21:00","guid":{"rendered":"https:\/\/zonaroja.com.mx\/?p=84188"},"modified":"2025-09-02T08:24:03","modified_gmt":"2025-09-02T14:24:03","slug":"zarpan-de-nuevo-barcos-de-ayuda-humanitaria-hacia-gaza","status":"publish","type":"post","link":"https:\/\/zonaroja.com.mx\/?p=84188","title":{"rendered":"Zarpan de nuevo barcos de ayuda humanitaria hacia Gaza"},"content":{"rendered":"\n<p>Redacci\u00f3n\/Zona Roja Cdmx.<\/p>\n\n\n\n<p>Ciudad de M\u00e9xico, a 2 de septiembre de 2025.- Despu\u00e9s de haber tenido que volver al puerto de Barcelona, donde hab\u00edan zarpado el pasado domingo, las cerca de 30 embarcaciones de la Global Sumud Flotilla volvieron a salir rumbo a las costas de la franja de Gaza, donde aspiran a abrir un corredor humanitario y romper el bloque que est\u00e1 provocando un exterminio en la poblaci\u00f3n palestina.<\/p>\n\n\n\n<p>El gobierno de Israel, a trav\u00e9s del ministro de Seguridad Nacional, Ben-Gvir, amenaz\u00f3 a los activistas que participan de la acci\u00f3n \u201cno violenta\u201d, entre los que se encuentra seis ciudadanos mexicanos, de encarcelarlos y tratarlos como \u201cterroristas\u201d.<\/p>\n\n\n\n<p>El mal tiempo y un mar embravecido oblig\u00f3 a dar marcha atr\u00e1s a las cerca de 30 embarcaciones, cuando tan s\u00f3lo hab\u00edan recorrido unos cuantos kil\u00f3metros y los expertos en navegaci\u00f3n decidieron volver ante una previsible tormenta en las inmediaciones de la isla de Menorca, donde ten\u00edan previsto hacer una escala.<\/p>\n\n\n\n<p>Pero finalmente, y despu\u00e9s de cargar gasolina, las embarcaciones en las que viajan destacados activistas, como la sueca Greta Thumberg, y actores como Eduard Fern\u00e1ndez y Liam Cunningham, volvieron a zarpar rumbo a Gaza al filo de las nueve de la noche, horario europeo. <\/p>\n\n\n\n<p>Y as\u00ed continuar con el plan, en el que tienen previsto incorporarse m\u00e1s embarcaciones y activistas en los puertos de Sicilia, Catania, T\u00fanez y Grecia, hasta alcanzar las m\u00e1s de 60 embarcaciones y m\u00e1s de 500 activistas, que proceden de 44 pa\u00edses distintos y de oficios tambi\u00e9n diversos.<\/p>\n\n\n\n<p>El coordinador de la misi\u00f3n, Saif Abukeshek, explic\u00f3 a los medios de comunicaci\u00f3n que \u201ceste lunes hay viento pero ahora es a favor, al contrario de lo que ocurr\u00eda el domingo, cuento ten\u00edan el viento en contra, que podr\u00eda haber da\u00f1ado los barcos, a las personas y a la velocidad de navegaci\u00f3n\u201d. <\/p>\n\n\n\n<p>Adem\u00e1s informaron en un breve comunicado que la salida de ayer fue \u201cuna prueba de mar\u201d y que luego regresaron a puerto a dejar pasar la tormenta. Esta decisi\u00f3n se tom\u00f3 para \u201cevitar complicaciones con las embarcaciones m\u00e1s peque\u00f1as\u201d y para \u201cpriorizar la seguridad de los participantes y garantizar el \u00e9xito de la misi\u00f3n\u201d. <\/p>\n\n\n\n<p>Abukeshek aprovech\u00f3 tambi\u00e9n para contestar a las amenazas vertidas desde el gobierno de Benjam\u00edn Netanyahu, al que le respondi\u00f3 que \u201cesta pol\u00edtica de Israel se utiliza para justificar los cr\u00edmenes que quieren cometer. Lo hacen para justificar sus cr\u00edmenes\u201d.<\/p>\n\n\n\n<p>El ministro israel\u00ed Ben-Gvir afirm\u00f3 tras reunirse con el gabinete de seguridad que el \u201cplan\u201d que tienen dise\u00f1ado contra la flotilla solidaria \u201cestablece medidas que refuerzan la posici\u00f3n inquebrantable de Israel en la salvaguardia de sus fronteras y la garant\u00eda de la seguridad nacional. <\/p>\n\n\n\n<p>Debemos crear una respuesta disuasi\u00f3n clara. Cualquiera que opte por colaborar con Hamas y apoyar el terrorismo se enfrentar\u00e1 a una respuesta firme e inflexible por parte de Israel\u201d. Adem\u00e1s, medios como The Jerusalem Post detallan que lo que pretende es que los activistas permanezcan en detenci\u00f3n prolongada, a diferencia de los precedentes, en los que se liberaba a los detenidos a los pocos d\u00edas. <\/p>\n\n\n\n<p>Tambi\u00e9n prev\u00e9 confiscar los barcos y sus tripulantes ser\u00e1n recluidos en las c\u00e1rceles israel\u00edes de Ketziot y Damon, que se utilizan para retener a terroristas en condiciones estrictas, normalmente reservadas para los presos de seguridad. El tambi\u00e9n medio de comunicaci\u00f3n Israel Hayom a\u00f1adi\u00f3 que los planes de Ben-Gvir es \u201cdetener a los activistas en condiciones de nivel terrorista, sin televisi\u00f3n ni radio, sin comidas de calidad superior e implicando una custodia prolongada en lugar de simplemente pasar la noche\u201d.<\/p>\n\n\n\n<p>(Informaci\u00f3n de \u201cLa Jornada\u201d)<\/p>\n","protected":false},"excerpt":{"rendered":"<p>Redacci\u00f3n\/Zona Roja Cdmx. Ciudad de M\u00e9xico, a 2 de septiembre de 2025.- Despu\u00e9s de haber&hellip;<\/p>\n","protected":false},"author":2,"featured_media":84189,"comment_status":"closed","ping_status":"open","sticky":false,"template":"","format":"standard","meta":{"_lmt_disableupdate":"","_lmt_disable":"","_jetpack_memberships_contains_paid_content":false,"footnotes":""},"categories":[109,47],"tags":[2668],"class_list":["post-84188","post","type-post","status-publish","format-standard","has-post-thumbnail","hentry","category-minuto-a-minuto","category-zona-gris","tag-conflicto-gaza-israel"],"jetpack_featured_media_url":"https:\/\/zonaroja.com.mx\/wp-content\/uploads\/2025\/09\/Ayuda-humanitaria-a-Gaza.webp","jetpack_sharing_enabled":true,"_links":{"self":[{"href":"https:\/\/zonaroja.com.mx\/index.php?rest_route=\/wp\/v2\/posts\/84188","targetHints":{"allow":["GET"]}}],"collection":[{"href":"https:\/\/zonaroja.com.mx\/index.php?rest_route=\/wp\/v2\/posts"}],"about":[{"href":"https:\/\/zonaroja.com.mx\/index.php?rest_route=\/wp\/v2\/types\/post"}],"author":[{"embeddable":true,"href":"https:\/\/zonaroja.com.mx\/index.php?rest_route=\/wp\/v2\/users\/2"}],"replies":[{"embeddable":true,"href":"https:\/\/zonaroja.com.mx\/index.php?rest_route=%2Fwp%2Fv2%2Fcomments&post=84188"}],"version-history":[{"count":1,"href":"https:\/\/zonaroja.com.mx\/index.php?rest_route=\/wp\/v2\/posts\/84188\/revisions"}],"predecessor-version":[{"id":84190,"href":"https:\/\/zonaroja.com.mx\/index.php?rest_route=\/wp\/v2\/posts\/84188\/revisions\/84190"}],"wp:featuredmedia":[{"embeddable":true,"href":"https:\/\/zonaroja.com.mx\/index.php?rest_route=\/wp\/v2\/media\/84189"}],"wp:attachment":[{"href":"https:\/\/zonaroja.com.mx\/index.php?rest_route=%2Fwp%2Fv2%2Fmedia&parent=84188"}],"wp:term":[{"taxonomy":"category","embeddable":true,"href":"https:\/\/zonaroja.com.mx\/index.php?rest_route=%2Fwp%2Fv2%2Fcategories&post=84188"},{"taxonomy":"post_tag","embeddable":true,"href":"https:\/\/zonaroja.com.mx\/index.php?rest_route=%2Fwp%2Fv2%2Ftags&post=84188"}],"curies":[{"name":"wp","href":"https:\/\/api.w.org\/{rel}","templated":true}]}}