{"id":84193,"date":"2025-09-02T13:28:18","date_gmt":"2025-09-02T19:28:18","guid":{"rendered":"https:\/\/zonaroja.com.mx\/?p=84193"},"modified":"2025-09-02T13:28:18","modified_gmt":"2025-09-02T19:28:18","slug":"denuncian-detencion-arbitraria-de-candidato-a-edil-de-amoltepec","status":"publish","type":"post","link":"https:\/\/zonaroja.com.mx\/?p=84193","title":{"rendered":"Denuncian detenci\u00f3n arbitraria de candidato a edil de Amoltepec"},"content":{"rendered":"\n<p>Raymundo Morales\/Zona Roja.&nbsp;<\/p>\n\n\n\n<p>Oaxaca, Oax., a 2 de septiembre de 2025.- Familiares del candidato a presidente municipal de Santiago Amoltepec, Feliciano Jim\u00e9nez Roque, denunciaron su detenci\u00f3n arbitraria y el de su esposa, Serena Yesca Roque.<\/p>\n\n\n\n<p>Presuntamente fueron aprehendidos por elementos de la Agencia Estatal de Investigaciones de la Fiscal\u00eda General del Estado, acusados de delitos contra la salud.&nbsp;<\/p>\n\n\n\n<p>Sin embargo, se\u00f1alaron en voz de Ernesto Jim\u00e9nez Roque, fue por un asunto pol\u00edtico pues Feliciano es candidato natural a edil y tiene el respaldo de la mayor\u00eda de los pobladores de Amoltepec.&nbsp;<\/p>\n\n\n\n<p>En conferencia de prensa en la capital oaxaque\u00f1a, expusieron que la v\u00edctima es ingeniero egresado de la Universidad de Chapingo.&nbsp;<\/p>\n\n\n\n<p>Ha apoyado a la poblaci\u00f3n como gestor a trav\u00e9s de la organizaci\u00f3n Comit\u00e9 de Defensa de los Derechos de Santiago Amoltepec; ha sido adem\u00e1s agente municipal de su comunidad El Platanar.&nbsp;<\/p>\n\n\n\n<p>Desde esta posici\u00f3n y como ciudadano, ha realizado gestiones en el \u00e1mbito escolar para mejora de las escuelas, adem\u00e1s ha logrado cambios significativos en la conservaci\u00f3n de caminos con la participaci\u00f3n ciudadana y la gesti\u00f3n de maquinaria, lo mismo ha gestionado medicamentos para las cl\u00ednicas de las comunidades.<\/p>\n\n\n\n<p>Ha planteado y luchado para que las autoridades hagan buen uso de los recursos municipales; que sea con honestidad, sin robar y sin mentir al pueblo y con trabajo comunitario.<\/p>\n\n\n\n<p>Eso ha molestado a algunos pol\u00edticos y presuntamente desde la Secretar\u00eda de Gobierno (Sego) se ha orquestado su detenci\u00f3n arbitraria e ilegal, para impedir que participe en las elecciones municipales.&nbsp;<\/p>\n\n\n\n<p>Seg\u00fan se\u00f1alaron, se pretende imponer a Alexis Torres Ram\u00edrez, quien es funcionario de la dependencia estatal citada y no tiene arraigo en Amoltepec; buscan hacerlo edil para poder manejar los m\u00e1s de 100 millones de presupuesto que llega anualmente. &nbsp;<\/p>\n\n\n\n<p>Por eso fue detenido desde el 19 de agosto en jurisdicci\u00f3n de la Villa de Zaachila y le \u201csembraron\u201d droga, acusaron.&nbsp;<\/p>\n\n\n\n<p>Por ello demandaron la liberaci\u00f3n inmediata de Feliciano y de su esposa, adem\u00e1s de que el gobierno saque las manos de la elecci\u00f3n en Santiago Amoltepec, municipio de la regi\u00f3n Sierra Sur del estado.&nbsp;<\/p>\n\n\n\n<p><\/p>\n","protected":false},"excerpt":{"rendered":"<p>Raymundo Morales\/Zona Roja.&nbsp; Oaxaca, Oax., a 2 de septiembre de 2025.- Familiares del candidato a&hellip;<\/p>\n","protected":false},"author":2,"featured_media":84192,"comment_status":"closed","ping_status":"open","sticky":false,"template":"","format":"standard","meta":{"_lmt_disableupdate":"","_lmt_disable":"","_jetpack_memberships_contains_paid_content":false,"footnotes":""},"categories":[109,47],"tags":[],"class_list":["post-84193","post","type-post","status-publish","format-standard","has-post-thumbnail","hentry","category-minuto-a-minuto","category-zona-gris"],"jetpack_featured_media_url":"https:\/\/zonaroja.com.mx\/wp-content\/uploads\/2025\/09\/bc08ac87-16dd-40dd-a1ab-35e2e69c77df.jpg","jetpack_sharing_enabled":true,"_links":{"self":[{"href":"https:\/\/zonaroja.com.mx\/index.php?rest_route=\/wp\/v2\/posts\/84193","targetHints":{"allow":["GET"]}}],"collection":[{"href":"https:\/\/zonaroja.com.mx\/index.php?rest_route=\/wp\/v2\/posts"}],"about":[{"href":"https:\/\/zonaroja.com.mx\/index.php?rest_route=\/wp\/v2\/types\/post"}],"author":[{"embeddable":true,"href":"https:\/\/zonaroja.com.mx\/index.php?rest_route=\/wp\/v2\/users\/2"}],"replies":[{"embeddable":true,"href":"https:\/\/zonaroja.com.mx\/index.php?rest_route=%2Fwp%2Fv2%2Fcomments&post=84193"}],"version-history":[{"count":1,"href":"https:\/\/zonaroja.com.mx\/index.php?rest_route=\/wp\/v2\/posts\/84193\/revisions"}],"predecessor-version":[{"id":84194,"href":"https:\/\/zonaroja.com.mx\/index.php?rest_route=\/wp\/v2\/posts\/84193\/revisions\/84194"}],"wp:featuredmedia":[{"embeddable":true,"href":"https:\/\/zonaroja.com.mx\/index.php?rest_route=\/wp\/v2\/media\/84192"}],"wp:attachment":[{"href":"https:\/\/zonaroja.com.mx\/index.php?rest_route=%2Fwp%2Fv2%2Fmedia&parent=84193"}],"wp:term":[{"taxonomy":"category","embeddable":true,"href":"https:\/\/zonaroja.com.mx\/index.php?rest_route=%2Fwp%2Fv2%2Fcategories&post=84193"},{"taxonomy":"post_tag","embeddable":true,"href":"https:\/\/zonaroja.com.mx\/index.php?rest_route=%2Fwp%2Fv2%2Ftags&post=84193"}],"curies":[{"name":"wp","href":"https:\/\/api.w.org\/{rel}","templated":true}]}}