{"id":84196,"date":"2025-09-02T16:01:16","date_gmt":"2025-09-02T22:01:16","guid":{"rendered":"https:\/\/zonaroja.com.mx\/?p=84196"},"modified":"2025-09-02T16:01:16","modified_gmt":"2025-09-02T22:01:16","slug":"ofrece-pemex-donativo-al-ayuntamiento-de-oaxaca-capital-para-tache-al-bache","status":"publish","type":"post","link":"https:\/\/zonaroja.com.mx\/?p=84196","title":{"rendered":"Ofrece Pemex donativo al ayuntamiento de Oaxaca capital, para \u201cTache al Bache\u201d"},"content":{"rendered":"\n<p>Redacci\u00f3n\/Zona Roja.&nbsp;<\/p>\n\n\n\n<p>Oaxaca, Oax., a 2 de septiembre de 2025.- En una muestra de apoyo a la mejora de la infraestructura vial de la capital, Petr\u00f3leos Mexicanos (Pemex) entregar\u00e1 un donativo de asfalto y combustible al gobierno municipal de Oaxaca de Ju\u00e1rez, para continuar con el exitoso programa de reencarpetamiento vial denominado \u201cTache al Bache\u201d.&nbsp;<\/p>\n\n\n\n<p>La firma del contrato de donativo se realiz\u00f3 en la Ciudad de M\u00e9xico por parte del presidente municipal, Ray Chagoya y el subgerente de Atenci\u00f3n Regional de Pemex a nivel nacional, Ramiro Rend\u00f3n Burgos, teniendo como testigo al Secretario de Obras P\u00fablicas y Desarrollo Urbano, Carlos Facundo Alcocer P\u00e9rez.&nbsp;<\/p>\n\n\n\n<p>Durante el encuentro, se destac\u00f3 la importancia de este programa integral, que ha demostrado ser efectivo en la atenci\u00f3n de las diversas avenidas de la Ciudad de Oaxaca de Ju\u00e1rez.<\/p>\n\n\n\n<p>Desde el inicio del a\u00f1o, el programa \u201cTache al Bache\u201d ha permitido la intervenci\u00f3n de m\u00e1s de 20 kil\u00f3metros de calles y avenidas en las zonas norte y centro de la Ciudad de Oaxaca de Ju\u00e1rez.&nbsp;<\/p>\n\n\n\n<p>\u00abEl programa de bacheo se ha desarrollado en dos zonas estrat\u00e9gicas con el prop\u00f3sito de optimizar la seguridad y mejorar las condiciones de tr\u00e1nsito\u00bb, afirm\u00f3 Alcocer P\u00e9rez.<\/p>\n\n\n\n<p>Este esfuerzo es parte de la coordinaci\u00f3n estrat\u00e9gica con diversas dependencias del Gobierno de M\u00e9xico, incluyendo a Pemex, cuya colaboraci\u00f3n es crucial para el bienestar de vecinas y vecinos.<\/p>\n","protected":false},"excerpt":{"rendered":"<p>Redacci\u00f3n\/Zona Roja.&nbsp; Oaxaca, Oax., a 2 de septiembre de 2025.- En una muestra de apoyo&hellip;<\/p>\n","protected":false},"author":2,"featured_media":84195,"comment_status":"closed","ping_status":"open","sticky":false,"template":"","format":"standard","meta":{"_lmt_disableupdate":"","_lmt_disable":"","_jetpack_memberships_contains_paid_content":false,"footnotes":""},"categories":[109,46],"tags":[],"class_list":["post-84196","post","type-post","status-publish","format-standard","has-post-thumbnail","hentry","category-minuto-a-minuto","category-zona-blanca"],"jetpack_featured_media_url":"https:\/\/zonaroja.com.mx\/wp-content\/uploads\/2025\/09\/b6b28967-21ef-4660-9337-e904f795c5a6.jpg","jetpack_sharing_enabled":true,"_links":{"self":[{"href":"https:\/\/zonaroja.com.mx\/index.php?rest_route=\/wp\/v2\/posts\/84196","targetHints":{"allow":["GET"]}}],"collection":[{"href":"https:\/\/zonaroja.com.mx\/index.php?rest_route=\/wp\/v2\/posts"}],"about":[{"href":"https:\/\/zonaroja.com.mx\/index.php?rest_route=\/wp\/v2\/types\/post"}],"author":[{"embeddable":true,"href":"https:\/\/zonaroja.com.mx\/index.php?rest_route=\/wp\/v2\/users\/2"}],"replies":[{"embeddable":true,"href":"https:\/\/zonaroja.com.mx\/index.php?rest_route=%2Fwp%2Fv2%2Fcomments&post=84196"}],"version-history":[{"count":1,"href":"https:\/\/zonaroja.com.mx\/index.php?rest_route=\/wp\/v2\/posts\/84196\/revisions"}],"predecessor-version":[{"id":84197,"href":"https:\/\/zonaroja.com.mx\/index.php?rest_route=\/wp\/v2\/posts\/84196\/revisions\/84197"}],"wp:featuredmedia":[{"embeddable":true,"href":"https:\/\/zonaroja.com.mx\/index.php?rest_route=\/wp\/v2\/media\/84195"}],"wp:attachment":[{"href":"https:\/\/zonaroja.com.mx\/index.php?rest_route=%2Fwp%2Fv2%2Fmedia&parent=84196"}],"wp:term":[{"taxonomy":"category","embeddable":true,"href":"https:\/\/zonaroja.com.mx\/index.php?rest_route=%2Fwp%2Fv2%2Fcategories&post=84196"},{"taxonomy":"post_tag","embeddable":true,"href":"https:\/\/zonaroja.com.mx\/index.php?rest_route=%2Fwp%2Fv2%2Ftags&post=84196"}],"curies":[{"name":"wp","href":"https:\/\/api.w.org\/{rel}","templated":true}]}}