{"id":84198,"date":"2025-09-02T18:02:24","date_gmt":"2025-09-03T00:02:24","guid":{"rendered":"https:\/\/zonaroja.com.mx\/?p=84198"},"modified":"2025-09-02T18:02:26","modified_gmt":"2025-09-03T00:02:26","slug":"se-opone-san-vicente-coatlan-a-construccion-de-presa-ante-conflicto-agrario-irresuelto","status":"publish","type":"post","link":"https:\/\/zonaroja.com.mx\/?p=84198","title":{"rendered":"Se opone San Vicente Coatl\u00e1n a construcci\u00f3n de presa, ante conflicto agrario irresuelto"},"content":{"rendered":"\n<p>Lisbeth Mej\u00eda Reyes\/Zona Roja.<\/p>\n\n\n\n<p>Oaxaca, Oax., a 2 de septiembre de 2025.- El Comisariado de Bienes Comunales de San Vicente Coatl\u00e1n advirti\u00f3 con denunciar al Estado Mexicano ante la Comisi\u00f3n Interamericana de Derechos Humanos (CIDH) por la reiteradas omisiones al conflicto agrario entre este municipio y el de Sola de Vega, en tierras ancestrales de San Vicente donde el gobierno de Oaxaca y el federal construir\u00e1n la presa \u201cMargarita Maza\u201d, antes \u201cPaso Ancho\u201d.<\/p>\n\n\n\n<p>El nuevo llamado se suma a otras exigencias de la sociedad civil que, a trav\u00e9s del Observatorio Ciudadano Comunitario del Agua y Medio Ambiente de los Valles Centrales de Oaxaca, se\u00f1ala falta de transparencia en el proyecto y presuntas irregularidades que contravienen el Plan Nacional H\u00eddrico de la presidenta Claudia Sheinbaum y que pareciera \u00abemular el desastroso proyecto de \u00b4Paso Ancho\u00b4 y el Acueducto del Bicentenario de 2014, que termin\u00f3 siendo cancelado por la Profepa (Procuradur\u00eda Federal de Protecci\u00f3n al Ambiente)\u00bb.<\/p>\n\n\n\n<p>El pasado 12 de agosto, el gobierno estatal inform\u00f3 de que se hab\u00eda cumplido la primera etapa del proyecto.&nbsp;<\/p>\n\n\n\n<p>Ahora, en un nuevo documento dirigido a la presidenta Claudia Sheinbaum, a la secretaria de Desarrollo Agrario, Territorial y Urbano, Edna Vega Rangel; al secretario de Infraestructura, Comunicaciones y Transportes, Jes\u00fas Antonio Esteva Medina, y al Procurador Agrario, V\u00edctor Su\u00e1rez Carrera, Coatl\u00e1n denunci\u00f3 que a dos a\u00f1os de la \u00faltima reuni\u00f3n con ambas comunidades (8 de septiembre de 2023), el Estado no ha convocado nuevamente para solucionar el conflicto.&nbsp;<\/p>\n\n\n\n<p>Sin embargo, el gobierno estatal y el federal mantienen los trabajos para la construcci\u00f3n de la presa Margarita Maza, con la que se busca abastecer de agua a la zona metropolitana de Oaxaca.<\/p>\n\n\n\n<p>\u00abEs necesario que se retomen las mesas de di\u00e1logo y encontrar una soluci\u00f3n favorable pac\u00edfica para las comunidades, pues ha quedado demostrado que algunas instituciones del gobierno del estado de Oaxaca y gobierno federal, por el nivel de corrupci\u00f3n que vive M\u00e9xico, han manipulado la informaci\u00f3n a conveniencia poniendo en riesgo la vida e integridad de la poblaci\u00f3n de San Vicente Coatl\u00e1n, Oaxaca\u00bb.<\/p>\n\n\n\n<p>Ante esto volvieron a exigir una audiencia p\u00fablica para los pr\u00f3ximos 4 y 5 de septiembre en la Ciudad de M\u00e9xico, pues recordaron que en 2022 y 2023 estuvo a punto de solucionarse el conflicto agrario que prevalece desde 1970, despu\u00e9s de que se emitieron los t\u00edtulos presidenciales de dotaci\u00f3n de tierras a ambas comunidades. \u00abAh\u00ed el gobierno federal gener\u00f3 el conflicto agrario al sobreponer las medidas y colindancias con ambas comunidades\u00bb.<\/p>\n\n\n\n<p>San Vicente Coatl\u00e1n record\u00f3 que en el a\u00f1o 2011 el ex gobernador Gabino Cu\u00e9 la anunci\u00f3 la construcci\u00f3n de la presa Paso Ancho y el conflicto se agudiz\u00f3 entre ese a\u00f1o y el 2012 por la matanza de ganado de San Vicente y sin que se integraran las denuncias interpuestas ante la entonces Procuradur\u00eda General de Justicia del Estado de Oaxaca.&nbsp;<\/p>\n\n\n\n<p>\u00abFue el 27 de junio de 2012 cuando se da el enfrentamiento donde asesinaron a seis personas de San Vicente y siete quedaron heridas, emboscada generada por Villa Sola de Vega\u00bb.<\/p>\n\n\n\n<p>En su primer informe de Gobierno, la presidenta Claudia Sheinbaum contempla a la presa entre los 17 proyectos h\u00eddricos que se realizar\u00e1n en el pa\u00eds. \u00abLa Presa Paso Ancho: inversi\u00f3n total de 4,600 millones de pesos, de los que 700 millones de pesos se &nbsp;destinar\u00e1n este a\u00f1o. La licitaci\u00f3n se realizar\u00e1 en julio y sus obras inician en agosto. Se beneficiar\u00e1 a cerca de 650 &nbsp;mil habitantes\u00bb, refiere el documento de la Presidencia de la Rep\u00fablica.<\/p>\n","protected":false},"excerpt":{"rendered":"<p>Lisbeth Mej\u00eda Reyes\/Zona Roja. Oaxaca, Oax., a 2 de septiembre de 2025.- El Comisariado de&hellip;<\/p>\n","protected":false},"author":2,"featured_media":84199,"comment_status":"closed","ping_status":"open","sticky":false,"template":"","format":"standard","meta":{"_lmt_disableupdate":"","_lmt_disable":"","_jetpack_memberships_contains_paid_content":false,"footnotes":""},"categories":[109,47],"tags":[],"class_list":["post-84198","post","type-post","status-publish","format-standard","has-post-thumbnail","hentry","category-minuto-a-minuto","category-zona-gris"],"jetpack_featured_media_url":"https:\/\/zonaroja.com.mx\/wp-content\/uploads\/2025\/09\/Presa-paso-ancho-margarita-maza-Oaxaca.jpeg","jetpack_sharing_enabled":true,"_links":{"self":[{"href":"https:\/\/zonaroja.com.mx\/index.php?rest_route=\/wp\/v2\/posts\/84198","targetHints":{"allow":["GET"]}}],"collection":[{"href":"https:\/\/zonaroja.com.mx\/index.php?rest_route=\/wp\/v2\/posts"}],"about":[{"href":"https:\/\/zonaroja.com.mx\/index.php?rest_route=\/wp\/v2\/types\/post"}],"author":[{"embeddable":true,"href":"https:\/\/zonaroja.com.mx\/index.php?rest_route=\/wp\/v2\/users\/2"}],"replies":[{"embeddable":true,"href":"https:\/\/zonaroja.com.mx\/index.php?rest_route=%2Fwp%2Fv2%2Fcomments&post=84198"}],"version-history":[{"count":1,"href":"https:\/\/zonaroja.com.mx\/index.php?rest_route=\/wp\/v2\/posts\/84198\/revisions"}],"predecessor-version":[{"id":84200,"href":"https:\/\/zonaroja.com.mx\/index.php?rest_route=\/wp\/v2\/posts\/84198\/revisions\/84200"}],"wp:featuredmedia":[{"embeddable":true,"href":"https:\/\/zonaroja.com.mx\/index.php?rest_route=\/wp\/v2\/media\/84199"}],"wp:attachment":[{"href":"https:\/\/zonaroja.com.mx\/index.php?rest_route=%2Fwp%2Fv2%2Fmedia&parent=84198"}],"wp:term":[{"taxonomy":"category","embeddable":true,"href":"https:\/\/zonaroja.com.mx\/index.php?rest_route=%2Fwp%2Fv2%2Fcategories&post=84198"},{"taxonomy":"post_tag","embeddable":true,"href":"https:\/\/zonaroja.com.mx\/index.php?rest_route=%2Fwp%2Fv2%2Ftags&post=84198"}],"curies":[{"name":"wp","href":"https:\/\/api.w.org\/{rel}","templated":true}]}}