{"id":84201,"date":"2025-09-02T19:30:42","date_gmt":"2025-09-03T01:30:42","guid":{"rendered":"https:\/\/zonaroja.com.mx\/?p=84201"},"modified":"2025-09-02T19:30:44","modified_gmt":"2025-09-03T01:30:44","slug":"asesinan-a-seis-personas-en-una-panaderia-en-colima","status":"publish","type":"post","link":"https:\/\/zonaroja.com.mx\/?p=84201","title":{"rendered":"Asesinan a seis personas en una panader\u00eda en Colima"},"content":{"rendered":"\n<p>Redacci\u00f3n\/Zona Roja Cdmx.<\/p>\n\n\n\n<p>Ciudad de M\u00e9xico, a 2 de septiembre de 2025.- La ma\u00f1ana de este martes, seis personas perdieron la vida y una m\u00e1s result\u00f3 herida por un ataque armado al interior de una panader\u00eda ubicada en la colonia Placetas en Colima.<\/p>\n\n\n\n<p>El hecho ocurri\u00f3 alrededor de las 05:00 horas cuando sujetos armados ingresaron al negocio conocido como panader\u00eda \u201cEl Pich\u00f3n\u201d y abrieron fuego en contra de las siete v\u00edctimas para posteriormente escapar.<\/p>\n\n\n\n<p>Los disparos alertaron a los vecinos, quienes llamaron a los n\u00fameros de emergencias para que las fuerzas de seguridad llegaran al lugar.<\/p>\n\n\n\n<p>Elementos de la Polic\u00eda Estatal Preventiva atendieron el llamado y al llegar encontraron a las siete v\u00edctimas con heridas de arma de fuego, por lo que solicitaron la presencia de los cuerpos de emergencia.<\/p>\n\n\n\n<p>Tras la revisi\u00f3n de los param\u00e9dicos, estos determinaron que seis de los afectados, cinco hombres y una mujer) ya no contaban con signos vitales, mientras que a una s\u00e9ptima v\u00edctima (mujer) la trasladaron a un hospital es estado grave.<\/p>\n\n\n\n<p>Autoridades realizaron un operativo para dar con los responsables, sin que hasta el momento haya personas detenidas por su responsabilidad en los hechos.<\/p>\n\n\n\n<p>Por su parte, el Gobierno de Colima y la Fiscal\u00eda General del Estado emitieron un comunicado en el que confirmaron con hechos, mientras que el establecimiento public\u00f3 una carta dirigida a sus clientes en la que aseguraron que luego de ser v\u00edctimas de la delincuencia no podr\u00edan cumplir con sus pedidos del d\u00eda.<\/p>\n\n\n\n<p>(Informaci\u00f3n del portal \u201c24 Horas\u201d)<\/p>\n","protected":false},"excerpt":{"rendered":"<p>Redacci\u00f3n\/Zona Roja Cdmx. Ciudad de M\u00e9xico, a 2 de septiembre de 2025.- La ma\u00f1ana de&hellip;<\/p>\n","protected":false},"author":2,"featured_media":84202,"comment_status":"closed","ping_status":"open","sticky":false,"template":"","format":"standard","meta":{"_lmt_disableupdate":"","_lmt_disable":"","_jetpack_memberships_contains_paid_content":false,"footnotes":""},"categories":[109,51],"tags":[3065],"class_list":["post-84201","post","type-post","status-publish","format-standard","has-post-thumbnail","hentry","category-minuto-a-minuto","category-zona-roja","tag-violencia-colima"],"jetpack_featured_media_url":"https:\/\/zonaroja.com.mx\/wp-content\/uploads\/2025\/09\/Asesinados-panaderia-Colima.webp","jetpack_sharing_enabled":true,"_links":{"self":[{"href":"https:\/\/zonaroja.com.mx\/index.php?rest_route=\/wp\/v2\/posts\/84201","targetHints":{"allow":["GET"]}}],"collection":[{"href":"https:\/\/zonaroja.com.mx\/index.php?rest_route=\/wp\/v2\/posts"}],"about":[{"href":"https:\/\/zonaroja.com.mx\/index.php?rest_route=\/wp\/v2\/types\/post"}],"author":[{"embeddable":true,"href":"https:\/\/zonaroja.com.mx\/index.php?rest_route=\/wp\/v2\/users\/2"}],"replies":[{"embeddable":true,"href":"https:\/\/zonaroja.com.mx\/index.php?rest_route=%2Fwp%2Fv2%2Fcomments&post=84201"}],"version-history":[{"count":1,"href":"https:\/\/zonaroja.com.mx\/index.php?rest_route=\/wp\/v2\/posts\/84201\/revisions"}],"predecessor-version":[{"id":84203,"href":"https:\/\/zonaroja.com.mx\/index.php?rest_route=\/wp\/v2\/posts\/84201\/revisions\/84203"}],"wp:featuredmedia":[{"embeddable":true,"href":"https:\/\/zonaroja.com.mx\/index.php?rest_route=\/wp\/v2\/media\/84202"}],"wp:attachment":[{"href":"https:\/\/zonaroja.com.mx\/index.php?rest_route=%2Fwp%2Fv2%2Fmedia&parent=84201"}],"wp:term":[{"taxonomy":"category","embeddable":true,"href":"https:\/\/zonaroja.com.mx\/index.php?rest_route=%2Fwp%2Fv2%2Fcategories&post=84201"},{"taxonomy":"post_tag","embeddable":true,"href":"https:\/\/zonaroja.com.mx\/index.php?rest_route=%2Fwp%2Fv2%2Ftags&post=84201"}],"curies":[{"name":"wp","href":"https:\/\/api.w.org\/{rel}","templated":true}]}}