{"id":84204,"date":"2025-09-02T20:45:03","date_gmt":"2025-09-03T02:45:03","guid":{"rendered":"https:\/\/zonaroja.com.mx\/?p=84204"},"modified":"2025-09-02T20:45:05","modified_gmt":"2025-09-03T02:45:05","slug":"asesino-a-su-pareja-y-la-enterro-en-una-fosa-septica-en-colotepec-oaxaca","status":"publish","type":"post","link":"https:\/\/zonaroja.com.mx\/?p=84204","title":{"rendered":"Asesin\u00f3 a su pareja y la enterr\u00f3 en una fosa s\u00e9ptica, en Colotepec, Oaxaca"},"content":{"rendered":"\n<p>Redacci\u00f3n\/Zona Roja.<\/p>\n\n\n\n<p>Oaxaca, Oax., a 2 de septiembre de 2025.- Un individuo asesin\u00f3 a su pareja, la report\u00f3 como no localizada y despu\u00e9s la enterr\u00f3 clandestinamente en una fosa s\u00e9ptica.<\/p>\n\n\n\n<p>El hecho ocurri\u00f3 en un domicilio del municipio de Santa Mar\u00eda Colotepec y el probable feminicida, identificado con las iniciales I. S. C., ya fue detenido, inform\u00f3 la Fiscal\u00eda General del Estado de Oaxaca.<\/p>\n\n\n\n<p>La aprehensi\u00f3n se dio como resultado de la aplicaci\u00f3n inmediata del Protocolo de Actuaci\u00f3n Ministerial, Pericial y Policial en el Delito de Feminicidio, inform\u00f3 la instituci\u00f3n de procuraci\u00f3n de justicia.<\/p>\n\n\n\n<p>Detall\u00f3 que, de acuerdo con las investigaciones, la v\u00edctima fue reportada como no localizada, por lo que de inmediato se activaron los protocolos de b\u00fasqueda correspondientes.<\/p>\n\n\n\n<p>Sin embargo, fue hallada sin vida el 30 de agosto de 2025, al interior de un domicilio ubicado en la Primera Secci\u00f3n del municipio de Santa Mar\u00eda Colotepec, regi\u00f3n Costa.&nbsp;<\/p>\n\n\n\n<p>\u201cLas indagatorias revelan que, el cuerpo sin vida de la v\u00edctima fue depositado al interior de una fosa s\u00e9ptica en dicho domicilio, donde trataron de ocultar el delito.<\/p>\n\n\n\n<p>\u201cPor la anterior, el caso qued\u00f3 a cargo de la Fiscal\u00eda Especializada para la Atenci\u00f3n a Delitos contra la Mujer por Raz\u00f3n de G\u00e9nero y la Fiscal\u00eda para la Atenci\u00f3n e Investigaci\u00f3n de Feminicidios que\u201d, detall\u00f3 la Fiscal\u00eda General.<\/p>\n\n\n\n<p>Indic\u00f3 que, apegado a los protocolos de g\u00e9nero, logr\u00f3 trazar las l\u00edneas de investigaci\u00f3n que permitieron la obtenci\u00f3n y posterior ejecuci\u00f3n de una orden de aprehensi\u00f3n en contra de I.S.C., quien fue puesto a disposici\u00f3n de la autoridad ministerial correspondiente para determinar su situaci\u00f3n legal.<\/p>\n\n\n\n<p>\u201cLa Fiscal\u00eda General del Estado de Oaxaca est\u00e1 comprometida con realizar investigaciones eficaces y con perspectiva de g\u00e9nero en los casos de delitos cometidos en contra de mujeres, ni\u00f1as y adolescentes, esto con el objetivo de garantizar a las v\u00edctimas directas e indirectas un adecuado proceso de investigaci\u00f3n que les permita acceder plenamente a la justicia\u201d, expuso en un comunicado.<\/p>\n","protected":false},"excerpt":{"rendered":"<p>Redacci\u00f3n\/Zona Roja. Oaxaca, Oax., a 2 de septiembre de 2025.- Un individuo asesin\u00f3 a su&hellip;<\/p>\n","protected":false},"author":2,"featured_media":84205,"comment_status":"closed","ping_status":"open","sticky":false,"template":"","format":"standard","meta":{"_lmt_disableupdate":"","_lmt_disable":"","_jetpack_memberships_contains_paid_content":false,"footnotes":""},"categories":[109,51],"tags":[610,980],"class_list":["post-84204","post","type-post","status-publish","format-standard","has-post-thumbnail","hentry","category-minuto-a-minuto","category-zona-roja","tag-feminicidios-oaxaca","tag-santa-maria-colotepec"],"jetpack_featured_media_url":"https:\/\/zonaroja.com.mx\/wp-content\/uploads\/2025\/09\/Feminicida-detenido-Santa-Maria-Colotepec-Fiscalia.jpeg","jetpack_sharing_enabled":true,"_links":{"self":[{"href":"https:\/\/zonaroja.com.mx\/index.php?rest_route=\/wp\/v2\/posts\/84204","targetHints":{"allow":["GET"]}}],"collection":[{"href":"https:\/\/zonaroja.com.mx\/index.php?rest_route=\/wp\/v2\/posts"}],"about":[{"href":"https:\/\/zonaroja.com.mx\/index.php?rest_route=\/wp\/v2\/types\/post"}],"author":[{"embeddable":true,"href":"https:\/\/zonaroja.com.mx\/index.php?rest_route=\/wp\/v2\/users\/2"}],"replies":[{"embeddable":true,"href":"https:\/\/zonaroja.com.mx\/index.php?rest_route=%2Fwp%2Fv2%2Fcomments&post=84204"}],"version-history":[{"count":1,"href":"https:\/\/zonaroja.com.mx\/index.php?rest_route=\/wp\/v2\/posts\/84204\/revisions"}],"predecessor-version":[{"id":84206,"href":"https:\/\/zonaroja.com.mx\/index.php?rest_route=\/wp\/v2\/posts\/84204\/revisions\/84206"}],"wp:featuredmedia":[{"embeddable":true,"href":"https:\/\/zonaroja.com.mx\/index.php?rest_route=\/wp\/v2\/media\/84205"}],"wp:attachment":[{"href":"https:\/\/zonaroja.com.mx\/index.php?rest_route=%2Fwp%2Fv2%2Fmedia&parent=84204"}],"wp:term":[{"taxonomy":"category","embeddable":true,"href":"https:\/\/zonaroja.com.mx\/index.php?rest_route=%2Fwp%2Fv2%2Fcategories&post=84204"},{"taxonomy":"post_tag","embeddable":true,"href":"https:\/\/zonaroja.com.mx\/index.php?rest_route=%2Fwp%2Fv2%2Ftags&post=84204"}],"curies":[{"name":"wp","href":"https:\/\/api.w.org\/{rel}","templated":true}]}}