{"id":84208,"date":"2025-09-03T07:15:00","date_gmt":"2025-09-03T13:15:00","guid":{"rendered":"https:\/\/zonaroja.com.mx\/?p=84208"},"modified":"2025-09-03T07:03:43","modified_gmt":"2025-09-03T13:03:43","slug":"sheinbaum-es-increible-elegante-hermosa-pero-mexico-esta-dirigido-por-carteles","status":"publish","type":"post","link":"https:\/\/zonaroja.com.mx\/?p=84208","title":{"rendered":"\u201cSheinbaum es incre\u00edble, elegante, hermosa, pero M\u00e9xico est\u00e1 dirigido por c\u00e1rteles\u201d"},"content":{"rendered":"\n<p>Redacci\u00f3n\/Zona Roja Cdmx.<\/p>\n\n\n\n<p>Ciudad de M\u00e9xico, a 3 de septiembre de 2025.- Las declaraciones recientes del presidente de Estados Unidos, Donald Trump, han encendido nuevamente la tensi\u00f3n diplom\u00e1tica con M\u00e9xico y, de igual manera, a las alianzas en temas de seguridad y combate al narcotr\u00e1fico.&nbsp;<\/p>\n\n\n\n<p>En una entrevista exclusiva con el medio \u201cDaily Caller\u201d y el periodista Reagan Reese, el mandatario norteamericano \u201celogi\u00f3\u201d y al mismo tiempo emiti\u00f3 cr\u00edticas hacia la presidenta Claudia Sheinbaum Pardo por la situaci\u00f3n de seguridad en M\u00e9xico.<\/p>\n\n\n\n<p>Trump se refiri\u00f3 a la mandataria mexicana como \u201cuna mujer estupenda, incre\u00edble en ciertos aspectos, muy elegante y hermosa\u201d. As\u00ed mismo, asegur\u00f3 que mantiene una buena relaci\u00f3n personal con Sheinbaum y destac\u00f3 su estilo como l\u00edder.<\/p>\n\n\n\n<p>Sin embargo, matiz\u00f3 estas palabras con un se\u00f1alamiento contundente al sostener que \u201cM\u00e9xico est\u00e1 dirigido por los c\u00e1rteles\u201d. Con ello, subray\u00f3 que el problema del pa\u00eds trasciende la figura presidencial y que el poder real estar\u00eda en manos de las organizaciones criminales.<\/p>\n\n\n\n<p>Estas expresiones surgen en un momento clave, ya que ocurren a pocos d\u00edas de la primera visita oficial del secretario de Estado estadounidense, Marco Rubio, a territorio mexicano, un encuentro en el que la seguridad ser\u00e1 uno de los temas centrales de la agenda.<\/p>\n\n\n\n<p>Durante la misma entrevista, Trump revel\u00f3 que ofreci\u00f3 enviar tropas estadounidenses para enfrentar a los grupos del narcotr\u00e1fico en M\u00e9xico. Seg\u00fan su versi\u00f3n, la presidenta Sheinbaum rechaz\u00f3 la propuesta.<\/p>\n\n\n\n<p>El di\u00e1logo con el periodista Reagan Reese qued\u00f3 registrado de la siguiente manera:<\/p>\n\n\n\n<p>Donald Trump: \u201cLe he ofrecido enviar al ej\u00e9rcito, pero ella no quiere que lo hagamos\u201d<\/p>\n\n\n\n<p>Reagan Reese: \u201c\u00bfPor qu\u00e9?\u201d<\/p>\n\n\n\n<p>Donald Trump: \u201cPorque tiene miedo\u201d.<\/p>\n\n\n\n<p>Reagan Reese: \u201c\u00a1Guau!\u201d.<\/p>\n\n\n\n<p>Donald Trump: \u201cElla est\u00e1 muy asustada\u201d.<\/p>\n\n\n\n<p>TEMOR A C\u00c1RTELES<\/p>\n\n\n\n<p>Con estas palabras, Trump sugiri\u00f3 que la negativa de la mandataria se debe a un posible temor frente al poder que ejercen los c\u00e1rteles en distintas regiones del pa\u00eds.<\/p>\n\n\n\n<p>El presidente estadounidense a\u00f1adi\u00f3 que su administraci\u00f3n trabaja en una nueva reforma migratoria, aunque evit\u00f3 dar detalles sobre su alcance y contenido.<\/p>\n\n\n\n<p>Las declaraciones del 1 de septiembre de 2025 se suman a un discurso que Trump ha sostenido de forma reiterada en los \u00faltimos a\u00f1os. En \u00e9l, acusa a los c\u00e1rteles de narcotr\u00e1fico por tener un control efectivo en M\u00e9xico. Esta narrativa se ha convertido en una constante dentro de su pol\u00edtica hacia el pa\u00eds vecino y ha marcado buena parte de la relaci\u00f3n bilateral.<\/p>\n\n\n\n<p>En esta misma l\u00ednea, ha comparado la situaci\u00f3n de M\u00e9xico con la de ciudades de Estados Unidos gobernadas por alcaldes dem\u00f3cratas a las que describe como \u201cm\u00e1s peligrosas\u201d. Con ello, busca reforzar la idea de que el crimen organizado trasciende fronteras y representa un problema compartido.<\/p>\n\n\n\n<p>La relevancia de estas declaraciones no radica \u00fanicamente en su tono, sino tambi\u00e9n en el momento en que se producen. La inminente visita de Rubio a M\u00e9xico ser\u00e1 el primer encuentro formal con el gobierno de Sheinbaum.<\/p>\n\n\n\n<p>Sobre esa misma l\u00ednea, y durante \u201cLa Ma\u00f1anera del Pueblo\u201d del 2 de septiembre de 2025, la propia presidenta mexicana volvi\u00f3 a descartar que pueda existir una intervenci\u00f3n armada de los Estados Unidos, dado que, entre otras cosas, \u201cel combate al crimen organizado es muy complejo\u201d.<\/p>\n\n\n\n<p>\u201cSe ha estado trabajando, desde hace meses, en un entendimiento para colaborar en materia de seguridad. \u00bfQu\u00e9 planteamos nosotros? Que esta colaboraci\u00f3n debe ser cada quien en su territorio (&#8230;). Una colaboraci\u00f3n para informaci\u00f3n, para inteligencia. Ellos en su territorio, nosotros en nuestro territorio\u201d, explic\u00f3.<\/p>\n\n\n\n<p>(Informaci\u00f3n de Infobae M\u00e9xico)<\/p>\n","protected":false},"excerpt":{"rendered":"<p>Redacci\u00f3n\/Zona Roja Cdmx. Ciudad de M\u00e9xico, a 3 de septiembre de 2025.- Las declaraciones recientes&hellip;<\/p>\n","protected":false},"author":2,"featured_media":75790,"comment_status":"closed","ping_status":"open","sticky":false,"template":"","format":"standard","meta":{"_lmt_disableupdate":"","_lmt_disable":"","_jetpack_memberships_contains_paid_content":false,"footnotes":""},"categories":[109,47],"tags":[1060],"class_list":["post-84208","post","type-post","status-publish","format-standard","has-post-thumbnail","hentry","category-minuto-a-minuto","category-zona-gris","tag-donald-trump"],"jetpack_featured_media_url":"https:\/\/zonaroja.com.mx\/wp-content\/uploads\/2024\/12\/Claudia-Sheinbaum-y-Donald-Trump.jpg","jetpack_sharing_enabled":true,"_links":{"self":[{"href":"https:\/\/zonaroja.com.mx\/index.php?rest_route=\/wp\/v2\/posts\/84208","targetHints":{"allow":["GET"]}}],"collection":[{"href":"https:\/\/zonaroja.com.mx\/index.php?rest_route=\/wp\/v2\/posts"}],"about":[{"href":"https:\/\/zonaroja.com.mx\/index.php?rest_route=\/wp\/v2\/types\/post"}],"author":[{"embeddable":true,"href":"https:\/\/zonaroja.com.mx\/index.php?rest_route=\/wp\/v2\/users\/2"}],"replies":[{"embeddable":true,"href":"https:\/\/zonaroja.com.mx\/index.php?rest_route=%2Fwp%2Fv2%2Fcomments&post=84208"}],"version-history":[{"count":1,"href":"https:\/\/zonaroja.com.mx\/index.php?rest_route=\/wp\/v2\/posts\/84208\/revisions"}],"predecessor-version":[{"id":84209,"href":"https:\/\/zonaroja.com.mx\/index.php?rest_route=\/wp\/v2\/posts\/84208\/revisions\/84209"}],"wp:featuredmedia":[{"embeddable":true,"href":"https:\/\/zonaroja.com.mx\/index.php?rest_route=\/wp\/v2\/media\/75790"}],"wp:attachment":[{"href":"https:\/\/zonaroja.com.mx\/index.php?rest_route=%2Fwp%2Fv2%2Fmedia&parent=84208"}],"wp:term":[{"taxonomy":"category","embeddable":true,"href":"https:\/\/zonaroja.com.mx\/index.php?rest_route=%2Fwp%2Fv2%2Fcategories&post=84208"},{"taxonomy":"post_tag","embeddable":true,"href":"https:\/\/zonaroja.com.mx\/index.php?rest_route=%2Fwp%2Fv2%2Ftags&post=84208"}],"curies":[{"name":"wp","href":"https:\/\/api.w.org\/{rel}","templated":true}]}}