{"id":84227,"date":"2025-09-03T11:30:00","date_gmt":"2025-09-03T17:30:00","guid":{"rendered":"https:\/\/zonaroja.com.mx\/?p=84227"},"modified":"2025-09-03T14:37:44","modified_gmt":"2025-09-03T20:37:44","slug":"participa-oaxaca-en-asamblea-d-astur-y-se-suma-al-esfuerzo-de-promocion-turistica","status":"publish","type":"post","link":"https:\/\/zonaroja.com.mx\/?p=84227","title":{"rendered":"Participa Oaxaca en asamblea de Asetur y se suma al esfuerzo de promoci\u00f3n tur\u00edstica"},"content":{"rendered":"\n<p>Redacci\u00f3n\/Zona Roja.<\/p>\n\n\n\n<p>Oaxaca, Oax., a 3 de septiembre de 2025.- Oaxaca particip\u00f3 en la 63 Asamblea Ordinaria de la Asociaci\u00f3n de Secretarias y Secretarios de Turismo de M\u00e9xico (Asetur), que se llev\u00f3 a cabo en la ciudad de Zacatecas, en la que se present\u00f3 el Diagn\u00f3stico Tur\u00edstico que dise\u00f1ar\u00e1 estrategias de promoci\u00f3n de destinos, entre ellas de la entidad, para posicionarse a nivel mundial.<\/p>\n\n\n\n<p>En este encuentro, la titular de la Secretar\u00eda de Turismo (Sectur Oaxaca), Saymi Pineda Velasco, afirm\u00f3 que la coordinaci\u00f3n y el trabajo conjunto de la Asetur brindar\u00e1 buenos resultados para dar a conocer los atractivos que posee el pa\u00eds, para que la entidad se ubique como uno de los sitios favoritos en los mercados nacionales e internacionales.<\/p>\n\n\n\n<p>Al asistir como secretaria de la Asetur, la funcionaria se\u00f1al\u00f3 que la actividad tur\u00edstica es motor de desarrollo, generadora de bienestar y de oportunidades para las regiones de M\u00e9xico, especialmente para Oaxaca, con la difusi\u00f3n de su riqueza natural, cultural, gastron\u00f3mica y artesanal, permite progreso a las comunidades mediante la generaci\u00f3n de empleos y la derrama econ\u00f3mica de visitantes.<\/p>\n\n\n\n<p>En la reuni\u00f3n, se present\u00f3 el proyecto Gran Visi\u00f3n del Turismo en M\u00e9xico al 2050 para lograr un modelo tur\u00edstico sostenible, innovador, inclusivo y resiliente; que busque el desarrollo econ\u00f3mico del pa\u00eds, sin descuidar el bienestar de las poblaciones y el medio ambiente. Se pretende que M\u00e9xico sea el quinto pa\u00eds m\u00e1s visitado del mundo<\/p>\n\n\n\n<p>Durante la asamblea, encabezada por Bernardo Cueto Riestra, secretario de Turismo de Quintana Roo y presidente de Asetur, se inform\u00f3 de la iniciativa de campa\u00f1as institucionales para los estados y las ofertas que se brindan para la atracci\u00f3n de turistas.<\/p>\n","protected":false},"excerpt":{"rendered":"<p>Redacci\u00f3n\/Zona Roja. Oaxaca, Oax., a 3 de septiembre de 2025.- Oaxaca particip\u00f3 en la 63&hellip;<\/p>\n","protected":false},"author":2,"featured_media":84213,"comment_status":"closed","ping_status":"open","sticky":false,"template":"","format":"standard","meta":{"_lmt_disableupdate":"","_lmt_disable":"","_jetpack_memberships_contains_paid_content":false,"footnotes":""},"categories":[109,46],"tags":[2714,1031],"class_list":["post-84227","post","type-post","status-publish","format-standard","has-post-thumbnail","hentry","category-minuto-a-minuto","category-zona-blanca","tag-saymi-pineda-velasco","tag-secretaria-de-turismo-oaxaca"],"jetpack_featured_media_url":"https:\/\/zonaroja.com.mx\/wp-content\/uploads\/2025\/09\/Oaxaca-se-suma-al-esfuerzo-de-promocion-turistica-de-la-Asetur-1.jpeg","jetpack_sharing_enabled":true,"_links":{"self":[{"href":"https:\/\/zonaroja.com.mx\/index.php?rest_route=\/wp\/v2\/posts\/84227","targetHints":{"allow":["GET"]}}],"collection":[{"href":"https:\/\/zonaroja.com.mx\/index.php?rest_route=\/wp\/v2\/posts"}],"about":[{"href":"https:\/\/zonaroja.com.mx\/index.php?rest_route=\/wp\/v2\/types\/post"}],"author":[{"embeddable":true,"href":"https:\/\/zonaroja.com.mx\/index.php?rest_route=\/wp\/v2\/users\/2"}],"replies":[{"embeddable":true,"href":"https:\/\/zonaroja.com.mx\/index.php?rest_route=%2Fwp%2Fv2%2Fcomments&post=84227"}],"version-history":[{"count":2,"href":"https:\/\/zonaroja.com.mx\/index.php?rest_route=\/wp\/v2\/posts\/84227\/revisions"}],"predecessor-version":[{"id":84233,"href":"https:\/\/zonaroja.com.mx\/index.php?rest_route=\/wp\/v2\/posts\/84227\/revisions\/84233"}],"wp:featuredmedia":[{"embeddable":true,"href":"https:\/\/zonaroja.com.mx\/index.php?rest_route=\/wp\/v2\/media\/84213"}],"wp:attachment":[{"href":"https:\/\/zonaroja.com.mx\/index.php?rest_route=%2Fwp%2Fv2%2Fmedia&parent=84227"}],"wp:term":[{"taxonomy":"category","embeddable":true,"href":"https:\/\/zonaroja.com.mx\/index.php?rest_route=%2Fwp%2Fv2%2Fcategories&post=84227"},{"taxonomy":"post_tag","embeddable":true,"href":"https:\/\/zonaroja.com.mx\/index.php?rest_route=%2Fwp%2Fv2%2Ftags&post=84227"}],"curies":[{"name":"wp","href":"https:\/\/api.w.org\/{rel}","templated":true}]}}