{"id":84231,"date":"2025-09-03T11:24:00","date_gmt":"2025-09-03T17:24:00","guid":{"rendered":"https:\/\/zonaroja.com.mx\/?p=84231"},"modified":"2025-09-03T08:26:06","modified_gmt":"2025-09-03T14:26:06","slug":"ejecuta-fiscalia-cateos-en-la-sierra-de-flores-magon-costa-istmo-y-mixteca","status":"publish","type":"post","link":"https:\/\/zonaroja.com.mx\/?p=84231","title":{"rendered":"Ejecuta Fiscal\u00eda cateos en la Sierra de Flores Mag\u00f3n, Costa, Istmo y Mixteca"},"content":{"rendered":"\n<p>Redacci\u00f3n\/Zona Roja.&nbsp;<\/p>\n\n\n\n<p>Oaxaca, Oax., a 3 de septiembre de 2025.- Como parte de las labores de investigaci\u00f3n ministerial para fortalecer los trabajos de procuraci\u00f3n de justicia que realiza la Fiscal\u00eda General del Estado de Oaxaca (FGEO), se dio cumplimiento a dos \u00f3rdenes de cateo en diferentes domicilios de la regi\u00f3n de la Sierra de Flores Mag\u00f3n, logrando la detenci\u00f3n de una persona, as\u00ed como el aseguramiento de diversas dosis de drogas y objetos constitutivos del delito.<\/p>\n\n\n\n<p>Estos operativos judiciales se realizaron en dos diferentes domicilios ubicados en el municipio de San Mart\u00edn Toxpalan, distrito de Teotitl\u00e1n, sitios en donde aseguraron diversas bolsas que conten\u00edan hierba seca con las caracter\u00edsticas de la marihuana y cristal, adem\u00e1s de un mototaxi sin placas de circulaci\u00f3n y una motocicleta, adem\u00e1s que se llev\u00f3 a cabo la detenci\u00f3n de una persona del sexo masculino identificada como S.M.Z.<\/p>\n\n\n\n<p>Este despliegue estrat\u00e9gico de seguridad fue encabezado por elementos de la Agencia Estatal de Investigaciones (AEI) adscritos a la Vicefiscal\u00eda General de Control Regional, en coordinaci\u00f3n con elementos de la Polic\u00eda Estatal.<\/p>\n\n\n\n<p>La persona detenida y los objetos asegurados quedaron a disposici\u00f3n de la autoridad ministerial correspondiente para resolver su situaci\u00f3n jur\u00eddica.<\/p>\n\n\n\n<p>COSTA E ISTMO<\/p>\n\n\n\n<p>En acciones coordinadas en combate a delitos contra la mujer, la Fiscal\u00eda General dio cumplimiento a diversas \u00f3rdenes de aprehensi\u00f3n que permitieron la detenci\u00f3n de tres personas del sexo masculino por delitos de violaci\u00f3n agravada, violaci\u00f3n y abuso sexual agravado, cometidos en hechos distintos en las regiones de la Costa e Istmo de Tehuantepec.<\/p>\n\n\n\n<p>De acuerdo con la informaci\u00f3n obtenida por la FGEO, dos de las aprehensiones se llevaron a cabo tras las investigaciones de la Vicefiscal\u00eda Regional de la Costa las cuales se efectuaron en Pinotepa Nacional y en San Pedro Jicay\u00e1n.<\/p>\n\n\n\n<p>En el primer caso, los hechos ocurrieron el 22 de junio de 2021, cuando la v\u00edctima (una adolescente, cuya identidad est\u00e1 reservada por ley) se encontraba en el interior de un domicilio ubicado en la calle Cuauht\u00e9moc de la poblaci\u00f3n de Piedra Blanca perteneciente a Santiago Pinotepa Nacional, lugar donde lleg\u00f3 la persona que la agredi\u00f3.<\/p>\n\n\n\n<p>Una vez que la FGEO tom\u00f3 conocimiento del caso a trav\u00e9s de la denuncia, inici\u00f3 las investigaciones con perspectiva de g\u00e9nero a trav\u00e9s de la Vicefiscal\u00eda Regional de la Costa, las cuales permitieron obtener una orden de aprehensi\u00f3n en contra de F.S.T., por el delito de violaci\u00f3n agravada, quien fue detenido por elementos de la Agencia Estatal de Investigaciones (AEI) en inmediaciones de la calle Cuarta Sur de la colonia Centro de Pinotepa Nacional.<\/p>\n\n\n\n<p>La segunda aprehensi\u00f3n fue ejecutada en contra de un hombre identificado como A.M.L. o A.A.M.L., derivado de hechos ocurridos el 05 de agosto de 2007, cuando la v\u00edctima una mujer -cuya identidad est\u00e1 reservada por ley- se encontraba en su domicilio habitacional ubicado en la agencia municipal de la colonia \u00abLos Marcelo\u00bb perteneciente al municipio de San Pedro Jicay\u00e1n, lugar donde fue sorprendida por su agresor quien la someti\u00f3 para atacarla sexualmente.<\/p>\n\n\n\n<p>Tras la denuncia, la Fiscal\u00eda de Oaxaca -a trav\u00e9s de la Vicefiscal\u00eda Regional de la Costa- abri\u00f3 una investigaci\u00f3n exhaustiva con perspectiva de g\u00e9nero, por el delito de violaci\u00f3n, logrando obtener un mandato judicial el cual fue ejecutado por elementos de la Agencia Estatal de Investigaciones (AEI) quedando a disposici\u00f3n de la autoridad competente para que resuelvan su situaci\u00f3n jur\u00eddica.<\/p>\n\n\n\n<p>La tercera orden de aprehensi\u00f3n fue ejecutada en contra de un hombre identificado como E.J.G., por los delitos de violaci\u00f3n agravada y abuso sexual agravado en agravio de dos menores, ocurridos el 16 de octubre de 2015 en una comunidad de L\u00e1zaro C\u00e1rdenas perteneciente a San Juan Mazatl\u00e1n.<\/p>\n\n\n\n<p>Hechos por los que la FGEO -a trav\u00e9s de la Vicefiscal\u00eda Regional del Istmo- inici\u00f3 las investigaciones derivado de la denuncia y con la cual lograron aprehender y detener bajo mandato judicial a E.J.G para posteriormente, llevarlo ante la autoridad que lo requiri\u00f3.<\/p>\n\n\n\n<p>EN LA MIXTECA<\/p>\n\n\n\n<p>En tanto, como de las acciones para garantizar la seguridad a trav\u00e9s del reforzamiento de la Operaci\u00f3n \u201cSable\u201d, la Fiscal\u00eda General, en coordinaci\u00f3n interinstitucional, dio cumplimiento a dos \u00f3rdenes de cateo que se realizaron de manera coordinada en la regi\u00f3n de la Mixteca, logrando la detenci\u00f3n de dos personas del sexo masculino, as\u00ed como el aseguramiento de diversas dosis de drogas y objetos constitutivos del delito.<\/p>\n\n\n\n<p>En estos operativos la Fiscal\u00eda de Oaxaca, a trav\u00e9s de la Agencia Estatal de Investigaciones (AEI) adscritos, la Vicefiscal\u00eda Regional de la Mixteca, trabajaron en estrecha coordinaci\u00f3n con la Secretar\u00eda de la Defensa Nacional (Defensa), Guardia Nacional y Polic\u00eda Estatal, acciones que se realizaron en dos domicilios del municipio de Asunci\u00f3n Nochixtl\u00e1n, y derivan de investigaciones realizadas en torno al delito contra la salud&nbsp; en su hip\u00f3tesis de narcomenudeo en supuesto de posesi\u00f3n con fines de suministro y comercio.<\/p>\n\n\n\n<p>Como resultado de estos operativos, los efectivos lograron la detenci\u00f3n de dos personas identificadas como S.S.F. y A.H.H., adem\u00e1s del aseguramiento de diversas dosis de drogas, as\u00ed como pipas, molinos, cigarros con hierba verde y una b\u00e1scula gramera.<\/p>\n\n\n\n<p>Los objetos asegurados fueron integrados a las investigaciones ministeriales, mientras que las personas detenidas fueron puestas a disposici\u00f3n de la autoridad correspondiente para determinar su situaci\u00f3n legal.<\/p>\n","protected":false},"excerpt":{"rendered":"<p>Redacci\u00f3n\/Zona Roja.&nbsp; Oaxaca, Oax., a 3 de septiembre de 2025.- Como parte de las labores&hellip;<\/p>\n","protected":false},"author":2,"featured_media":71165,"comment_status":"closed","ping_status":"open","sticky":false,"template":"","format":"standard","meta":{"_lmt_disableupdate":"","_lmt_disable":"","_jetpack_memberships_contains_paid_content":false,"footnotes":""},"categories":[109,46],"tags":[494],"class_list":["post-84231","post","type-post","status-publish","format-standard","has-post-thumbnail","hentry","category-minuto-a-minuto","category-zona-blanca","tag-fiscalia-general-del-estado-de-oaxaca"],"jetpack_featured_media_url":"https:\/\/zonaroja.com.mx\/wp-content\/uploads\/2024\/08\/Fiscalia-AEI-agencia-estatal.jpeg","jetpack_sharing_enabled":true,"_links":{"self":[{"href":"https:\/\/zonaroja.com.mx\/index.php?rest_route=\/wp\/v2\/posts\/84231","targetHints":{"allow":["GET"]}}],"collection":[{"href":"https:\/\/zonaroja.com.mx\/index.php?rest_route=\/wp\/v2\/posts"}],"about":[{"href":"https:\/\/zonaroja.com.mx\/index.php?rest_route=\/wp\/v2\/types\/post"}],"author":[{"embeddable":true,"href":"https:\/\/zonaroja.com.mx\/index.php?rest_route=\/wp\/v2\/users\/2"}],"replies":[{"embeddable":true,"href":"https:\/\/zonaroja.com.mx\/index.php?rest_route=%2Fwp%2Fv2%2Fcomments&post=84231"}],"version-history":[{"count":1,"href":"https:\/\/zonaroja.com.mx\/index.php?rest_route=\/wp\/v2\/posts\/84231\/revisions"}],"predecessor-version":[{"id":84232,"href":"https:\/\/zonaroja.com.mx\/index.php?rest_route=\/wp\/v2\/posts\/84231\/revisions\/84232"}],"wp:featuredmedia":[{"embeddable":true,"href":"https:\/\/zonaroja.com.mx\/index.php?rest_route=\/wp\/v2\/media\/71165"}],"wp:attachment":[{"href":"https:\/\/zonaroja.com.mx\/index.php?rest_route=%2Fwp%2Fv2%2Fmedia&parent=84231"}],"wp:term":[{"taxonomy":"category","embeddable":true,"href":"https:\/\/zonaroja.com.mx\/index.php?rest_route=%2Fwp%2Fv2%2Fcategories&post=84231"},{"taxonomy":"post_tag","embeddable":true,"href":"https:\/\/zonaroja.com.mx\/index.php?rest_route=%2Fwp%2Fv2%2Ftags&post=84231"}],"curies":[{"name":"wp","href":"https:\/\/api.w.org\/{rel}","templated":true}]}}