{"id":84234,"date":"2025-09-03T18:07:33","date_gmt":"2025-09-04T00:07:33","guid":{"rendered":"https:\/\/zonaroja.com.mx\/?p=84234"},"modified":"2025-09-03T18:07:36","modified_gmt":"2025-09-04T00:07:36","slug":"mexico-y-eu-acuerdan-creacion-de-grupo-de-alto-nivel-para-combatir-narcotrafico","status":"publish","type":"post","link":"https:\/\/zonaroja.com.mx\/?p=84234","title":{"rendered":"M\u00e9xico y EU acuerdan creaci\u00f3n de \u2018grupo de alto nivel\u2019 para combatir narcotr\u00e1fico"},"content":{"rendered":"\n<p>Redacci\u00f3n\/Zona Roja Cdmx.<\/p>\n\n\n\n<p>Ciudad de M\u00e9xico, a 3 de septiembre de 2025.- M\u00e9xico y Estados Unidos anunciaron este mi\u00e9rcoles 3 de septiembre el establecimiento de un \u201cgrupo de alto nivel\u201d para dar seguimiento a su coordinaci\u00f3n bilateral en materia de seguridad, centrada en combatir el narcotr\u00e1fico y la inmigraci\u00f3n ilegal.<\/p>\n\n\n\n<p>El anuncio lo realiz\u00f3 el canciller Juan Ram\u00f3n de la Fuente antes de la rueda de prensa conjunta con su hom\u00f3logo estadounidense, Marco Rubio, quien se encuentra de visita en M\u00e9xico.<\/p>\n\n\n\n<p>\u201cLos dos gobiernos han establecido un grupo de implementaci\u00f3n de alto nivel que se reunir\u00e1 regularmente para dar seguimiento a los compromisos mutuos y las acciones tomadas dentro de sus propios pa\u00edses\u201d, afirm\u00f3.<\/p>\n\n\n\n<p>Seg\u00fan lo acordado, el grupo dar\u00e1 seguimiento a \u201cmedidas para contrarrestar a los carteles, fortalecer la seguridad fronteriza, eliminar los t\u00faneles fronterizos clandestinos, abordar los flujos financieros il\u00edcitos, mejorar la colaboraci\u00f3n para prevenir el robo de combustible, incrementar las inspecciones, investigaciones y procesos judiciales para detener el flujo de drogas y armas\u201d.<\/p>\n\n\n\n<p>Juan Ram\u00f3n de la Fuente subray\u00f3 que esta cooperaci\u00f3n bilateral se basa \u201cen los principios de reciprocidad, respeto a la soberan\u00eda e integridad territorial, responsabilidad compartida y diferenciada, as\u00ed como en la confianza mutua\u201d.<\/p>\n\n\n\n<p>El Gobierno de Claudia Sheinbaum ha venido destacando estos cuatro principios acordados en febrero, despu\u00e9s de que este verano el presidente Donald Trump diera orden al ej\u00e9rcito de combatir a grupos vinculados al narcotr\u00e1fico, desatando especulaciones sobre posibles intervenciones militares en suelo mexicano.<\/p>\n\n\n\n<p>De la Fuente insisti\u00f3 en que la meta es \u201ctrabajar juntos para desmantelar el crimen organizado transnacional mediante una cooperaci\u00f3n reforzada entre nuestras respectivas instituciones de seguridad nacional, cuerpos de seguridad y autoridades judiciales\u201d.<\/p>\n\n\n\n<p>Agreg\u00f3 que la cooperaci\u00f3n para \u201catender el movimiento ilegal de personas a trav\u00e9s de la frontera\u201d va a fortalecer la seguridad a lo largo de \u201cla frontera compartida\u201d, adem\u00e1s de detener \u201cel tr\u00e1fico de fentanilo y otras drogas il\u00edcitas\u201d, as\u00ed como el tr\u00e1fico de armas.<\/p>\n\n\n\n<p>La visita de Rubio, que se reuni\u00f3 este mi\u00e9rcoles con Sheinbaum en el Palacio Nacional, se produce en plena ofensiva de Washington contra el narcotr\u00e1fico a nivel transnacional.<\/p>\n\n\n\n<p>La presidenta Sheinbaum remarc\u00f3 que no se firm\u00f3 ning\u00fan documento con la administraci\u00f3n de Trump, sino que se lleg\u00f3 a una actualizaci\u00f3n de un \u201centendimiento\u201d de seguridad llamado \u2018Programa de Cooperaci\u00f3n sobre Seguridad Fronteriza y Aplicaci\u00f3n de la Ley\u2019.<\/p>\n\n\n\n<p>\u201cEs como si lo firm\u00e1ramos, solo que, si se firma, entonces ya tiene otra categor\u00eda. Pero es acuerdo, un programa conjunto de colaboraci\u00f3n, de cooperaci\u00f3n, en el marco de nuestras soberan\u00edas, en el que est\u00e1 de acuerdo el Gobierno de los Estados Unidos y est\u00e1 de acuerdo el Gobierno de M\u00e9xico\u201d, dijo en su \u2018ma\u00f1anera\u2019 m\u00e1s temprano.<\/p>\n\n\n\n<p>Sheinbaum agreg\u00f3 que uno de los temas a seguir de este entendimiento es perseguir a los grupos que trafican con fentanilo.<\/p>\n\n\n\n<p>(Informaci\u00f3n de la agencia EFE en \u201cEl Financiero\u201d)<\/p>\n","protected":false},"excerpt":{"rendered":"<p>Redacci\u00f3n\/Zona Roja Cdmx. Ciudad de M\u00e9xico, a 3 de septiembre de 2025.- M\u00e9xico y Estados&hellip;<\/p>\n","protected":false},"author":2,"featured_media":84235,"comment_status":"closed","ping_status":"open","sticky":false,"template":"","format":"standard","meta":{"_lmt_disableupdate":"","_lmt_disable":"","_jetpack_memberships_contains_paid_content":false,"footnotes":""},"categories":[109,47],"tags":[],"class_list":["post-84234","post","type-post","status-publish","format-standard","has-post-thumbnail","hentry","category-minuto-a-minuto","category-zona-gris"],"jetpack_featured_media_url":"https:\/\/zonaroja.com.mx\/wp-content\/uploads\/2025\/09\/Claudia-Sheinbaum-y-Marco-Rubio.jpeg","jetpack_sharing_enabled":true,"_links":{"self":[{"href":"https:\/\/zonaroja.com.mx\/index.php?rest_route=\/wp\/v2\/posts\/84234","targetHints":{"allow":["GET"]}}],"collection":[{"href":"https:\/\/zonaroja.com.mx\/index.php?rest_route=\/wp\/v2\/posts"}],"about":[{"href":"https:\/\/zonaroja.com.mx\/index.php?rest_route=\/wp\/v2\/types\/post"}],"author":[{"embeddable":true,"href":"https:\/\/zonaroja.com.mx\/index.php?rest_route=\/wp\/v2\/users\/2"}],"replies":[{"embeddable":true,"href":"https:\/\/zonaroja.com.mx\/index.php?rest_route=%2Fwp%2Fv2%2Fcomments&post=84234"}],"version-history":[{"count":1,"href":"https:\/\/zonaroja.com.mx\/index.php?rest_route=\/wp\/v2\/posts\/84234\/revisions"}],"predecessor-version":[{"id":84236,"href":"https:\/\/zonaroja.com.mx\/index.php?rest_route=\/wp\/v2\/posts\/84234\/revisions\/84236"}],"wp:featuredmedia":[{"embeddable":true,"href":"https:\/\/zonaroja.com.mx\/index.php?rest_route=\/wp\/v2\/media\/84235"}],"wp:attachment":[{"href":"https:\/\/zonaroja.com.mx\/index.php?rest_route=%2Fwp%2Fv2%2Fmedia&parent=84234"}],"wp:term":[{"taxonomy":"category","embeddable":true,"href":"https:\/\/zonaroja.com.mx\/index.php?rest_route=%2Fwp%2Fv2%2Fcategories&post=84234"},{"taxonomy":"post_tag","embeddable":true,"href":"https:\/\/zonaroja.com.mx\/index.php?rest_route=%2Fwp%2Fv2%2Ftags&post=84234"}],"curies":[{"name":"wp","href":"https:\/\/api.w.org\/{rel}","templated":true}]}}