{"id":84240,"date":"2025-09-03T20:59:14","date_gmt":"2025-09-04T02:59:14","guid":{"rendered":"https:\/\/zonaroja.com.mx\/?p=84240"},"modified":"2025-09-03T20:59:17","modified_gmt":"2025-09-04T02:59:17","slug":"en-oaxaca-capital-convertiran-una-calle-en-parque-a-peticion-de-particular","status":"publish","type":"post","link":"https:\/\/zonaroja.com.mx\/?p=84240","title":{"rendered":"En Oaxaca capital convertir\u00e1n una calle en parque\u2026 a petici\u00f3n de particular"},"content":{"rendered":"\n<p>Lisbeth Mej\u00eda Reyes\/Zona Roja.<\/p>\n\n\n\n<p>Oaxaca, Oax., a 3 de septiembre de 2025.- Aunque hasta el momento no se ha detallado la inversi\u00f3n privada para el nuevo estadio de b\u00e9isbol \u201cYu\u2019va\u00bb, que reemplazar\u00e1 al \u201cEduardo Vasconcelos\u201d, ni la inversi\u00f3n p\u00fablica del gobierno estatal para el parque lineal adjunto, los trabajos para la construcci\u00f3n del complejo Ciudad de los Deportes avanzan en la ciudad de Oaxaca.<\/p>\n\n\n\n<p>Recientemente, el equipo Guerreros de Oaxaca, propiedad del empresario Alfredo Harp Hel\u00fa, anunci\u00f3 la despedida del estadio \u201cEduardo Vasconcelos\u201d, el cual dar\u00e1 paso a la nueva sede para el equipo b\u00e9lico.<\/p>\n\n\n\n<p>Debido a la pr\u00f3xima demolici\u00f3n del inmueble, se ha convocado a la afici\u00f3n para la toma de la fotograf\u00eda de despedida. Lo anterior con miras a que el nuevo estadio est\u00e9 construido en el 2026, cuando el equipo del empresario cumpla sus 30 a\u00f1os de vida.<\/p>\n\n\n\n<p>En las \u00faltimas semanas, el proyecto de la Ciudad de los Deportes ha obligado al cierre de diversas calles aleda\u00f1as, las cuales se convertir\u00e1n en vialidades peatonales del parque lineal.<\/p>\n\n\n\n<p>Este \u00faltimo como la aportaci\u00f3n p\u00fablica estatal para el complejo, en tanto, la construcci\u00f3n del estadio, del museo y la biblioteca del mismo corresponden a la inversi\u00f3n privada a cargo del empresario Alfredo Harp Hel\u00fa.<\/p>\n\n\n\n<p>El pasado lunes, en conferencia desde la Ciudad de M\u00e9xico, el secretario de Finanzas del gobierno estatal, Farid Acevedo, detall\u00f3 que el estadio es parte los proyectos de la iniciativa privada en el estado.&nbsp;<\/p>\n\n\n\n<p>En lo que va de la administraci\u00f3n estatal, suman alrededor de 18 mil millones de pesos de este tipo de inversi\u00f3n, expuso, sobre otros proyectos como Entre Sierras, con cuatro mil 500 millones; el centro comercial Parque Oaxaca, con seis mil millones, entre otros.<\/p>\n\n\n\n<p>El a\u00f1o pasado, durante la presentaci\u00f3n de la Ciudad de los Deportes, el gobernador Salom\u00f3n Jara Cruz dijo que la construcci\u00f3n del nuevo estadio de b\u00e9isbol \u201cYu\u2019va\u00bb se complementar\u00e1 con \u00abuna intervenci\u00f3n urbana, que va a vincular peatonalmente esta ciudad con la Ciudad de los Deportes\u00bb.&nbsp;<\/p>\n\n\n\n<p>Se trata, dijo, de \u00abunir todo este espacio y las calles peatonales para hacerlo un parque lineal\u00bb en el que se tenga una vocaci\u00f3n peatonal, cultural y deportiva.<\/p>\n\n\n\n<p>Para este parque lineal se contempla principalmente a la calle de Los Derechos Humanos, que desde hace varios d\u00edas ya se encuentra cerrada al paso vehicular y con restricciones para el paso peatonal.&nbsp;<\/p>\n\n\n\n<p>En este parque lineal se prev\u00e9 que tambi\u00e9n sean parte la calle de Curtidur\u00edas y la privada Eduardo Vasconcelos, as\u00ed como algunas calles que comunican al estadio con el barrio de Jalatlaco y el Paseo Ju\u00e1rez \u201cEl Llano\u201d.<\/p>\n\n\n\n<p>En ese contexto, incluso se prev\u00e9 cambiar de sede el tianguis de los d\u00edas viernes, por lo cual ha habido protestas por parte de vecinos de la Unidad Modelo, que rechazan mover este mercado ambulante a calles de su asentamiento.<\/p>\n","protected":false},"excerpt":{"rendered":"<p>Lisbeth Mej\u00eda Reyes\/Zona Roja. Oaxaca, Oax., a 3 de septiembre de 2025.- Aunque hasta el&hellip;<\/p>\n","protected":false},"author":2,"featured_media":84241,"comment_status":"closed","ping_status":"open","sticky":false,"template":"","format":"standard","meta":{"_lmt_disableupdate":"","_lmt_disable":"","_jetpack_memberships_contains_paid_content":false,"footnotes":""},"categories":[109,47],"tags":[4141],"class_list":["post-84240","post","type-post","status-publish","format-standard","has-post-thumbnail","hentry","category-minuto-a-minuto","category-zona-gris","tag-estadio-de-beisbol-eduardo-vasconcelos"],"jetpack_featured_media_url":"https:\/\/zonaroja.com.mx\/wp-content\/uploads\/2025\/09\/Calle-derechos-humanos-ciudad-de-Oaxaca-parque-de-beisbol.jpg","jetpack_sharing_enabled":true,"_links":{"self":[{"href":"https:\/\/zonaroja.com.mx\/index.php?rest_route=\/wp\/v2\/posts\/84240","targetHints":{"allow":["GET"]}}],"collection":[{"href":"https:\/\/zonaroja.com.mx\/index.php?rest_route=\/wp\/v2\/posts"}],"about":[{"href":"https:\/\/zonaroja.com.mx\/index.php?rest_route=\/wp\/v2\/types\/post"}],"author":[{"embeddable":true,"href":"https:\/\/zonaroja.com.mx\/index.php?rest_route=\/wp\/v2\/users\/2"}],"replies":[{"embeddable":true,"href":"https:\/\/zonaroja.com.mx\/index.php?rest_route=%2Fwp%2Fv2%2Fcomments&post=84240"}],"version-history":[{"count":1,"href":"https:\/\/zonaroja.com.mx\/index.php?rest_route=\/wp\/v2\/posts\/84240\/revisions"}],"predecessor-version":[{"id":84242,"href":"https:\/\/zonaroja.com.mx\/index.php?rest_route=\/wp\/v2\/posts\/84240\/revisions\/84242"}],"wp:featuredmedia":[{"embeddable":true,"href":"https:\/\/zonaroja.com.mx\/index.php?rest_route=\/wp\/v2\/media\/84241"}],"wp:attachment":[{"href":"https:\/\/zonaroja.com.mx\/index.php?rest_route=%2Fwp%2Fv2%2Fmedia&parent=84240"}],"wp:term":[{"taxonomy":"category","embeddable":true,"href":"https:\/\/zonaroja.com.mx\/index.php?rest_route=%2Fwp%2Fv2%2Fcategories&post=84240"},{"taxonomy":"post_tag","embeddable":true,"href":"https:\/\/zonaroja.com.mx\/index.php?rest_route=%2Fwp%2Fv2%2Ftags&post=84240"}],"curies":[{"name":"wp","href":"https:\/\/api.w.org\/{rel}","templated":true}]}}