{"id":84243,"date":"2025-09-03T22:25:56","date_gmt":"2025-09-04T04:25:56","guid":{"rendered":"https:\/\/zonaroja.com.mx\/?p=84243"},"modified":"2025-09-03T22:25:57","modified_gmt":"2025-09-04T04:25:57","slug":"denuncia-empresaria-intento-de-despojo-con-ayuda-de-gobierno","status":"publish","type":"post","link":"https:\/\/zonaroja.com.mx\/?p=84243","title":{"rendered":"Denuncia empresaria intento de despojo, con ayuda de gobierno"},"content":{"rendered":"\n<p>Raymundo Morales\/Zona Roja.<\/p>\n\n\n\n<p>Oaxaca, Oax., a 3 de septiembre de 2025.- La empresaria y socia fundadora del colegio \u201cAtonaltzin\u201d, Clarisid Reyes Pel\u00e1ez, denunci\u00f3 intento de despojo de sus bienes ubicados en San Sebasti\u00e1n Tutla, con ayuda de un funcionario de la Fiscal\u00eda General del Estado de Oaxaca.&nbsp;<\/p>\n\n\n\n<p>En conferencia de prensa en la capital, expuso que con respaldo del Vicefiscal Regional de Valles Centrales, Samuel Jim\u00e9nez Acevedo, buscan vincularla a proceso, bajo el delito de despojo, lo cual no existe.<\/p>\n\n\n\n<p>Explic\u00f3 que es propietaria de los predios donde se asentaba el colegio \u201cAtonaltzin\u201d, en la avenida Ferrocarril de San Sebasti\u00e1n Tutla, pero a ra\u00edz de que el resto de socios no pagaba la renta e incumpli\u00f3 el trato, decidi\u00f3 recuperar el inmueble, lo cual ha logrado.<\/p>\n\n\n\n<p>Sin embargo, su hermano Il\u00edas Reyes Pel\u00e1ez, y a su madre, Eva Pel\u00e1ez M\u00e1rquez, en probable contubernio con el vicefiscal Jim\u00e9nez Acevedo buscan encarcelarla a ella y a su esposo, por el supuesto delito de despojo.<\/p>\n\n\n\n<p>La audiencia de imputaci\u00f3n est\u00e1 programada para este jueves 4 de septiembre y teme que un juez pueda dictar auto de vinculaci\u00f3n a proceso, por lo cual pidi\u00f3 el respaldo de la presidenta del Tribunal Superior de Justicia del Estado, \u00c9rika Mar\u00eda Rodr\u00edguez, para evitar una injusticia.<\/p>\n\n\n\n<p>La madre de familia relat\u00f3 que el 9 de mayo de este a\u00f1o fue notificada de una demanda mercantil por embargo de propiedades y, ese mismo d\u00eda, de su despido del plantel educativo en el que labor\u00f3 por m\u00e1s de dos d\u00e9cadas.&nbsp;<\/p>\n\n\n\n<p>Asimismo, denunci\u00f3 que fue objeto del robo de pertenencias, presuntamente con la participaci\u00f3n de familiares y personal del colegio.<\/p>\n\n\n\n<p>La fundadora del Atonalzin asegur\u00f3 que a partir de ese momento se iniciaron en su contra diversas carpetas de investigaci\u00f3n por violencia familiar, robo de veh\u00edculo y despojo, acusaciones que considera infundadas.<\/p>\n\n\n\n<p>&nbsp;\u201cYo no he despojado a nadie, por el contrario, han intentado despojarme de mis propiedades\u201d, se\u00f1al\u00f3.<\/p>\n\n\n\n<p>Actualmente, su esposo tambi\u00e9n enfrenta procesos judiciales relacionados con estos hechos y cuenta con la suspensi\u00f3n de un amparo para evitar su detenci\u00f3n.<\/p>\n\n\n\n<p>De la misma manera, pidi\u00f3 una audiencia con el titular de la Fiscal\u00eda General del Estado, Bernardo Rodr\u00edguez Alamilla, con la finalidad de solicitar que los funcionarios de la instituci\u00f3n no se inmiscuyan de manera parcial en la problem\u00e1tica.<\/p>\n","protected":false},"excerpt":{"rendered":"<p>Raymundo Morales\/Zona Roja. Oaxaca, Oax., a 3 de septiembre de 2025.- La empresaria y socia&hellip;<\/p>\n","protected":false},"author":2,"featured_media":84244,"comment_status":"closed","ping_status":"open","sticky":false,"template":"","format":"standard","meta":{"_lmt_disableupdate":"","_lmt_disable":"","_jetpack_memberships_contains_paid_content":false,"footnotes":""},"categories":[109,47],"tags":[4325],"class_list":["post-84243","post","type-post","status-publish","format-standard","has-post-thumbnail","hentry","category-minuto-a-minuto","category-zona-gris","tag-colegio-atonaltzin"],"jetpack_featured_media_url":"https:\/\/zonaroja.com.mx\/wp-content\/uploads\/2025\/09\/Clarisid-Reyes-Pelaez.jpg","jetpack_sharing_enabled":true,"_links":{"self":[{"href":"https:\/\/zonaroja.com.mx\/index.php?rest_route=\/wp\/v2\/posts\/84243","targetHints":{"allow":["GET"]}}],"collection":[{"href":"https:\/\/zonaroja.com.mx\/index.php?rest_route=\/wp\/v2\/posts"}],"about":[{"href":"https:\/\/zonaroja.com.mx\/index.php?rest_route=\/wp\/v2\/types\/post"}],"author":[{"embeddable":true,"href":"https:\/\/zonaroja.com.mx\/index.php?rest_route=\/wp\/v2\/users\/2"}],"replies":[{"embeddable":true,"href":"https:\/\/zonaroja.com.mx\/index.php?rest_route=%2Fwp%2Fv2%2Fcomments&post=84243"}],"version-history":[{"count":1,"href":"https:\/\/zonaroja.com.mx\/index.php?rest_route=\/wp\/v2\/posts\/84243\/revisions"}],"predecessor-version":[{"id":84245,"href":"https:\/\/zonaroja.com.mx\/index.php?rest_route=\/wp\/v2\/posts\/84243\/revisions\/84245"}],"wp:featuredmedia":[{"embeddable":true,"href":"https:\/\/zonaroja.com.mx\/index.php?rest_route=\/wp\/v2\/media\/84244"}],"wp:attachment":[{"href":"https:\/\/zonaroja.com.mx\/index.php?rest_route=%2Fwp%2Fv2%2Fmedia&parent=84243"}],"wp:term":[{"taxonomy":"category","embeddable":true,"href":"https:\/\/zonaroja.com.mx\/index.php?rest_route=%2Fwp%2Fv2%2Fcategories&post=84243"},{"taxonomy":"post_tag","embeddable":true,"href":"https:\/\/zonaroja.com.mx\/index.php?rest_route=%2Fwp%2Fv2%2Ftags&post=84243"}],"curies":[{"name":"wp","href":"https:\/\/api.w.org\/{rel}","templated":true}]}}