{"id":84246,"date":"2025-09-04T07:14:00","date_gmt":"2025-09-04T13:14:00","guid":{"rendered":"https:\/\/zonaroja.com.mx\/?p=84246"},"modified":"2025-09-04T06:17:56","modified_gmt":"2025-09-04T12:17:56","slug":"respalda-ayuntamiento-de-oaxaca-capital-la-prevencion-de-adicciones","status":"publish","type":"post","link":"https:\/\/zonaroja.com.mx\/?p=84246","title":{"rendered":"Respalda ayuntamiento de Oaxaca capital la prevenci\u00f3n de adicciones"},"content":{"rendered":"\n<p>Redacci\u00f3n\/Zona Roja.<\/p>\n\n\n\n<p>Oaxaca, Oax., a 4 de septiembre de 2025.- Con el firme compromiso de promover entornos m\u00e1s seguros y saludables para la ni\u00f1ez y juventud, el ayuntamiento de Oaxaca de Ju\u00e1rez, en coordinaci\u00f3n con el Gobierno del Estado de Oaxaca, respald\u00f3 la realizaci\u00f3n de la Feria de Prevenci\u00f3n del Alcoholismo \u201cEl Precio del Primer Trago\u201d, con la participaci\u00f3n de la Fundaci\u00f3n 100XOaxaca.<\/p>\n\n\n\n<p>Durante el evento realizado en la Plaza de la Danza, se destac\u00f3 el inter\u00e9s del presidente municipal Ray Chagoya por fortalecer acciones preventivas que contribuyan a reducir riesgos y fomentar la participaci\u00f3n ciudadana en temas de salud p\u00fablica, as\u00ed como la voluntad del Gobierno del Estado de trabajar de manera conjunta en favor de las juventudes.<\/p>\n\n\n\n<p>La feria cont\u00f3 con la presencia de autoridades estatales, municipales, acad\u00e9micas y especialistas en salud y prevenci\u00f3n de adicciones, quienes coincidieron en la importancia de sumar esfuerzos para proteger a las y los j\u00f3venes, adem\u00e1s de crear conciencia sobre los efectos del consumo de alcohol.<\/p>\n\n\n\n<p>El programa incluy\u00f3 din\u00e1micas, conferencias y actividades elaboradas por j\u00f3venes promotores, reafirmando que la juventud oaxaque\u00f1a es protagonista en la construcci\u00f3n de una cultura de paz y bienestar.<\/p>\n\n\n\n<p>El ayuntamiento de Oaxaca de Ju\u00e1rez refrenda su compromiso de trabajar de manera coordinada con el Gobierno del Estado, la sociedad civil y las instituciones educativas para seguir impulsando pol\u00edticas p\u00fablicas que prioricen la salud, la seguridad y el futuro de la juventud.<\/p>\n\n\n\n<p>ESCUELA SEGURO<\/p>\n\n\n\n<p>Por otra parte, con el compromiso de garantizar entornos escolares m\u00e1s seguros y prevenir riesgos entre la ni\u00f1ez y la juventud, el ayuntamiento de Oaxaca de Ju\u00e1rez, a trav\u00e9s de la Direcci\u00f3n de Protecci\u00f3n Civil, llevar\u00e1 a cabo el foro Escuela Segura el pr\u00f3ximo 9 de septiembre en el Centro Cultural Reforma.<\/p>\n\n\n\n<p>Este espacio de di\u00e1logo y aprendizaje reunir\u00e1 a autoridades, docentes, madres y padres de familia, as\u00ed como a especialistas en seguridad, con el prop\u00f3sito de compartir estrategias que fortalezcan la protecci\u00f3n de la comunidad educativa.&nbsp;<\/p>\n\n\n\n<p>A lo largo de la jornada se abordar\u00e1n temas relacionados con la revisi\u00f3n de instalaciones, el manejo responsable de gas y electricidad, la prevenci\u00f3n de riesgos estructurales y la aplicaci\u00f3n de protocolos de protecci\u00f3n civil en los centros escolares.<\/p>\n\n\n\n<p>Con estas acciones, el Gobierno Municipal que encabeza el presidente Ray Chagoya refrenda su inter\u00e9s por impulsar la cultura de la prevenci\u00f3n y la seguridad desde las aulas, fomentando la participaci\u00f3n de toda la comunidad escolar. El evento se realizar\u00e1 de 10:00 a 13:00 horas y est\u00e1 abierto a instituciones educativas y a la ciudadan\u00eda interesada, quienes podr\u00e1n inscribirse al tel\u00e9fono 951 144 8287.<\/p>\n\n\n\n<p>El ayuntamiento de Oaxaca de Ju\u00e1rez invita a sumarse a esta iniciativa para hacer de la prevenci\u00f3n y la seguridad una tarea compartida en beneficio de las vecinas y vecinos m\u00e1s j\u00f3venes de la capital.<\/p>\n","protected":false},"excerpt":{"rendered":"<p>Redacci\u00f3n\/Zona Roja. Oaxaca, Oax., a 4 de septiembre de 2025.- Con el firme compromiso de&hellip;<\/p>\n","protected":false},"author":2,"featured_media":84247,"comment_status":"closed","ping_status":"open","sticky":false,"template":"","format":"standard","meta":{"_lmt_disableupdate":"","_lmt_disable":"","_jetpack_memberships_contains_paid_content":false,"footnotes":""},"categories":[109,46],"tags":[148],"class_list":["post-84246","post","type-post","status-publish","format-standard","has-post-thumbnail","hentry","category-minuto-a-minuto","category-zona-blanca","tag-oaxaca-de-juarez"],"jetpack_featured_media_url":"https:\/\/zonaroja.com.mx\/wp-content\/uploads\/2025\/09\/Evento-contra-adicciones-Oaxaca.jpg","jetpack_sharing_enabled":true,"_links":{"self":[{"href":"https:\/\/zonaroja.com.mx\/index.php?rest_route=\/wp\/v2\/posts\/84246","targetHints":{"allow":["GET"]}}],"collection":[{"href":"https:\/\/zonaroja.com.mx\/index.php?rest_route=\/wp\/v2\/posts"}],"about":[{"href":"https:\/\/zonaroja.com.mx\/index.php?rest_route=\/wp\/v2\/types\/post"}],"author":[{"embeddable":true,"href":"https:\/\/zonaroja.com.mx\/index.php?rest_route=\/wp\/v2\/users\/2"}],"replies":[{"embeddable":true,"href":"https:\/\/zonaroja.com.mx\/index.php?rest_route=%2Fwp%2Fv2%2Fcomments&post=84246"}],"version-history":[{"count":1,"href":"https:\/\/zonaroja.com.mx\/index.php?rest_route=\/wp\/v2\/posts\/84246\/revisions"}],"predecessor-version":[{"id":84248,"href":"https:\/\/zonaroja.com.mx\/index.php?rest_route=\/wp\/v2\/posts\/84246\/revisions\/84248"}],"wp:featuredmedia":[{"embeddable":true,"href":"https:\/\/zonaroja.com.mx\/index.php?rest_route=\/wp\/v2\/media\/84247"}],"wp:attachment":[{"href":"https:\/\/zonaroja.com.mx\/index.php?rest_route=%2Fwp%2Fv2%2Fmedia&parent=84246"}],"wp:term":[{"taxonomy":"category","embeddable":true,"href":"https:\/\/zonaroja.com.mx\/index.php?rest_route=%2Fwp%2Fv2%2Fcategories&post=84246"},{"taxonomy":"post_tag","embeddable":true,"href":"https:\/\/zonaroja.com.mx\/index.php?rest_route=%2Fwp%2Fv2%2Ftags&post=84246"}],"curies":[{"name":"wp","href":"https:\/\/api.w.org\/{rel}","templated":true}]}}