{"id":84254,"date":"2025-09-05T07:15:00","date_gmt":"2025-09-05T13:15:00","guid":{"rendered":"https:\/\/zonaroja.com.mx\/?p=84254"},"modified":"2025-09-05T06:55:19","modified_gmt":"2025-09-05T12:55:19","slug":"reconocen-acnur-y-onu-tipificacion-del-desplazamiento-forzado","status":"publish","type":"post","link":"https:\/\/zonaroja.com.mx\/?p=84254","title":{"rendered":"Reconocen ACNUR y ONU tipificaci\u00f3n del desplazamiento forzado en Oaxaca"},"content":{"rendered":"\n<p>Raymundo Morales\/Zona Roja.<\/p>\n\n\n\n<p>Oaxaca, Oax., a 5 de septiembre de 2025.- Tras la aprobaci\u00f3n de la Ley para Prevenir, Atender y Reparar Integralmente el Desplazamiento Forzado Interno, por parte del Congreso del Estado de Oaxaca, el Alto Comisionado de las Naciones Unidas para los Refugiados (ACNUR) y la Oficina del Alto Comisionado de la ONU para los derechos humanos, reconocieron la medida legislativa.<\/p>\n\n\n\n<p>En tanto, el gobierno estatal destac\u00f3 que con ello, Oaxaca se convierte en pionera en tipificar como delito el desplazamiento arbitrario y la negativa a garantizar el retorno de familias; asimismo, en la primera en elaborar una ley mediante consulta a comunidades originarias.<\/p>\n\n\n\n<p>El proyecto de decreto por el que se expide la Ley para Prevenir, Atender y Reparar Integralmente el Desplazamiento Forzado Interno en el Estado, fue presentado por el gobernador Salom\u00f3n Jara Cruz, a trav\u00e9s del consejero Jur\u00eddico del Gobierno del Estado, Geovany V\u00e1squez Sagrero.<\/p>\n\n\n\n<p>Con lo anterior, Oaxaca se convierte en el quinto estado en contar con una Ley en la materia, creada con el prop\u00f3sito de proteger a las personas del desplazamiento arbitrario, prevenir, atender y reparar el desplazamiento forzado interno, as\u00ed como ayudar a visibilizar y entender la problem\u00e1tica.<\/p>\n\n\n\n<p>Cuenta con 11 cap\u00edtulos, 84 art\u00edculos y su aplicaci\u00f3n corresponder\u00e1 a las autoridades del Estado y Municipios en el \u00e1mbito de sus respectivas competencias.<\/p>\n\n\n\n<p>Con la nueva norma se crea el Registro de Personas en Desplazamiento Forzado Interno, como una herramienta fundamental que contribuir\u00e1 a identificar a las personas que se encuentran en esta situaci\u00f3n, conocer sus necesidades y facilitar las acciones de asistencia humanitaria, de atenci\u00f3n y soluciones duraderas.<\/p>\n\n\n\n<p>Asimismo, se constituye el Consejo para la Prevenci\u00f3n, Protecci\u00f3n, Asistencia, Reparaci\u00f3n Integral y Soluciones Duraderas del Desplazamiento Forzado Interno, \u00f3rgano p\u00fablico colegiado e interinstitucional que operar\u00e1 el Programa Estatal para la Prevenci\u00f3n, Protecci\u00f3n, Asistencia, Atenci\u00f3n, Reparaci\u00f3n Integral y Soluciones Duraderas del Desplazamiento Forzado Interno, documento rector, que contendr\u00e1 las acciones que las dependencias y entidades de la Administraci\u00f3n P\u00fablica Estatal (APE) y Municipios en el corto, mediano y largo plazo realizar\u00e1n en la materia.<\/p>\n\n\n\n<p>Tambi\u00e9n se tipifica como delito el desplazamiento arbitrario, aquel que se da como resultado de las pr\u00e1cticas nocivas definidas como \u201ctoda conducta, actitudes y pr\u00e1cticas que afectan negativamente los derechos fundamentales como a la vida, salud, dignidad, educaci\u00f3n, integridad f\u00edsica y mental\u201d.&nbsp;<\/p>\n\n\n\n<p>RECONOCIMIENTO INTERNACIONAL<\/p>\n\n\n\n<p>En representaci\u00f3n del Alto Comisionado de las Naciones Unidas para los Refugiados (ACNUR), Giovanni Lepri destac\u00f3 la aprobaci\u00f3n del marco jur\u00eddico como un paso hist\u00f3rico, al establecer medidas para prohibir el desplazamiento forzado y mitigar sus impactos.&nbsp;<\/p>\n\n\n\n<p>Reconoci\u00f3 tambi\u00e9n el esfuerzo del gobierno de Oaxaca y de la Coordinaci\u00f3n para la Atenci\u00f3n de los Derechos Humanos por realizar 52 reuniones de trabajo en territorio, que reflejaron las necesidades de la poblaci\u00f3n a trav\u00e9s de un proceso de consulta in\u00e9dito en M\u00e9xico, acompa\u00f1ado t\u00e9cnicamente por la ACNUR.<\/p>\n\n\n\n<p>\u201cDesde @OIM_Mexico, ONU-DH y @AcnurMexico celebramos la aprobaci\u00f3n de la Ley para Prevenir, Atender y Reparar Integralmente el Desplazamiento Forzado Interno en #Oaxaca, y felicitamos al Gobierno y al Congreso de Oaxaca por hacerlo posible.<\/p>\n\n\n\n<p>\u201cSe trata de la quinta ley estatal en M\u00e9xico y la primera construida con la voz de comunidades ind\u00edgenas y afromexicanas. Un paso firme hacia la justicia, la reparaci\u00f3n y la inclusi\u00f3n\u201d, destac\u00f3 el organismo internacional de derechos humanos.<\/p>\n\n\n\n<p>A su vez, la Coordinaci\u00f3n para la Atenci\u00f3n de los Derechos Humanos (CADH) celebr\u00f3 que, por unanimidad, las y los diputados del Congreso local respaldaron el trabajo impulsado por el gobierno que encabeza Salom\u00f3n Jara Cruz, para la construcci\u00f3n de un marco normativo que atiende una deuda hist\u00f3rica en la materia.<\/p>\n\n\n\n<p>Indic\u00f3 que con este nuevo marco jur\u00eddico, Oaxaca es el quinto estado del pa\u00eds en contar con una legislaci\u00f3n en la materia, pero la primera en elaborarla a trav\u00e9s de un proceso de consulta.<\/p>\n","protected":false},"excerpt":{"rendered":"<p>Raymundo Morales\/Zona Roja. Oaxaca, Oax., a 5 de septiembre de 2025.- Tras la aprobaci\u00f3n de&hellip;<\/p>\n","protected":false},"author":2,"featured_media":82834,"comment_status":"closed","ping_status":"open","sticky":false,"template":"","format":"standard","meta":{"_lmt_disableupdate":"","_lmt_disable":"","_jetpack_memberships_contains_paid_content":false,"footnotes":""},"categories":[109,46],"tags":[303],"class_list":["post-84254","post","type-post","status-publish","format-standard","has-post-thumbnail","hentry","category-minuto-a-minuto","category-zona-blanca","tag-congreso-del-estado-de-oaxaca"],"jetpack_featured_media_url":"https:\/\/zonaroja.com.mx\/wp-content\/uploads\/2025\/07\/Sesion-Congreso-Oaxaca.jpeg","jetpack_sharing_enabled":true,"_links":{"self":[{"href":"https:\/\/zonaroja.com.mx\/index.php?rest_route=\/wp\/v2\/posts\/84254","targetHints":{"allow":["GET"]}}],"collection":[{"href":"https:\/\/zonaroja.com.mx\/index.php?rest_route=\/wp\/v2\/posts"}],"about":[{"href":"https:\/\/zonaroja.com.mx\/index.php?rest_route=\/wp\/v2\/types\/post"}],"author":[{"embeddable":true,"href":"https:\/\/zonaroja.com.mx\/index.php?rest_route=\/wp\/v2\/users\/2"}],"replies":[{"embeddable":true,"href":"https:\/\/zonaroja.com.mx\/index.php?rest_route=%2Fwp%2Fv2%2Fcomments&post=84254"}],"version-history":[{"count":3,"href":"https:\/\/zonaroja.com.mx\/index.php?rest_route=\/wp\/v2\/posts\/84254\/revisions"}],"predecessor-version":[{"id":84294,"href":"https:\/\/zonaroja.com.mx\/index.php?rest_route=\/wp\/v2\/posts\/84254\/revisions\/84294"}],"wp:featuredmedia":[{"embeddable":true,"href":"https:\/\/zonaroja.com.mx\/index.php?rest_route=\/wp\/v2\/media\/82834"}],"wp:attachment":[{"href":"https:\/\/zonaroja.com.mx\/index.php?rest_route=%2Fwp%2Fv2%2Fmedia&parent=84254"}],"wp:term":[{"taxonomy":"category","embeddable":true,"href":"https:\/\/zonaroja.com.mx\/index.php?rest_route=%2Fwp%2Fv2%2Fcategories&post=84254"},{"taxonomy":"post_tag","embeddable":true,"href":"https:\/\/zonaroja.com.mx\/index.php?rest_route=%2Fwp%2Fv2%2Ftags&post=84254"}],"curies":[{"name":"wp","href":"https:\/\/api.w.org\/{rel}","templated":true}]}}