{"id":84260,"date":"2025-09-04T11:04:00","date_gmt":"2025-09-04T17:04:00","guid":{"rendered":"https:\/\/zonaroja.com.mx\/?p=84260"},"modified":"2025-09-04T11:07:21","modified_gmt":"2025-09-04T17:07:21","slug":"tribunal-electoral-confirma-suspension-del-ayuntamiento-de-san-juan-mazatlan","status":"publish","type":"post","link":"https:\/\/zonaroja.com.mx\/?p=84260","title":{"rendered":"Tribunal Electoral confirma suspensi\u00f3n del ayuntamiento de Mazatl\u00e1n Mixe"},"content":{"rendered":"\n<p>Lisbeth Mej\u00eda Reyes\/Zona Roja.<\/p>\n\n\n\n<p>Oaxaca, Oax., a 4 de septiembre de 2025.- El Tribunal Electoral del Estado de Oaxaca (TEEO) confirm\u00f3 este mi\u00e9rcoles la suspensi\u00f3n del ayuntamiento de San Juan Mazatl\u00e1n Mixe, municipio del r\u00e9gimen de Sistemas Normativos Internos, ubicado en la regi\u00f3n Sierra de Ju\u00e1rez, Oaxaca.<\/p>\n\n\n\n<p>Esta resoluci\u00f3n fue por el juicio JDCI\/74\/2025 que interpuso el ciudadano Alfredo Salmor\u00e1n Carrada, electo como presidente municipal para el periodo del 1 de enero al 31 de diciembre de 2025.&nbsp;<\/p>\n\n\n\n<p>En el recurso, Salmor\u00e1n se manifest\u00f3 en contra de la decisi\u00f3n de la 65 Legislatura local, al se\u00f1alar que la decisi\u00f3n de las y los diputados no estaba debidamente fundada.&nbsp;<\/p>\n\n\n\n<p>A dem\u00e1s de que vulnera la voluntad de la asamblea de la comunidad y el derecho a la libre determinaci\u00f3n para elegir a las autoridades municipales.<\/p>\n\n\n\n<p>Inicialmente, el TEEO hab\u00eda desechado el juicio ciudadano por considerar que no ten\u00eda competencia.<\/p>\n\n\n\n<p>Este mi\u00e9rcoles, en sesi\u00f3n virtual y urgente, el TEEO confirm\u00f3 la decisi\u00f3n del congreso del pasado 10 de junio, en la que, mediante el decreto 681, aprob\u00f3 la suspensi\u00f3n del ayuntamiento de San Juan Mazatl\u00e1n Mixe bajo el argumento de vac\u00edo de autoridad y de ingobernabilidad que hacen imposible su funcionamiento. El tribunal tambi\u00e9n consider\u00f3 inundados los agravios que present\u00f3 el ciudadano.<\/p>\n\n\n\n<p>La resoluci\u00f3n del Tribunal que preside la magistrada Sandra P\u00e9rez Cruz se dio luego de que el 21 de agosto la Sala Xalapa del Tribunal Superior de Justicia del Poder Judicial de la Federaci\u00f3n resolvi\u00f3 que s\u00ed es un asunto de deb\u00eda de analizar el tribunal local. <\/p>\n\n\n\n<p>En esa resoluci\u00f3n, la Sala Xalapa le ped\u00eda al TEEO analizar el juicio con perspectiva de interculturalidad y considerando que anteriormente la Sala Xalapa ya hab\u00eda declarado como v\u00e1lida la elecci\u00f3n de las autoridades municipales de San Juan Mazatl\u00e1n.<\/p>\n","protected":false},"excerpt":{"rendered":"<p>Lisbeth Mej\u00eda Reyes\/Zona Roja. Oaxaca, Oax., a 4 de septiembre de 2025.- El Tribunal Electoral&hellip;<\/p>\n","protected":false},"author":2,"featured_media":67970,"comment_status":"closed","ping_status":"open","sticky":false,"template":"","format":"standard","meta":{"_lmt_disableupdate":"","_lmt_disable":"","_jetpack_memberships_contains_paid_content":false,"footnotes":""},"categories":[109,46],"tags":[2235],"class_list":["post-84260","post","type-post","status-publish","format-standard","has-post-thumbnail","hentry","category-minuto-a-minuto","category-zona-blanca","tag-tribunal-electoral-del-estado-de-oaxaca-teeo"],"jetpack_featured_media_url":"https:\/\/zonaroja.com.mx\/wp-content\/uploads\/2024\/05\/San-Juan-Mazatlan-Mixe.jpg","jetpack_sharing_enabled":true,"_links":{"self":[{"href":"https:\/\/zonaroja.com.mx\/index.php?rest_route=\/wp\/v2\/posts\/84260","targetHints":{"allow":["GET"]}}],"collection":[{"href":"https:\/\/zonaroja.com.mx\/index.php?rest_route=\/wp\/v2\/posts"}],"about":[{"href":"https:\/\/zonaroja.com.mx\/index.php?rest_route=\/wp\/v2\/types\/post"}],"author":[{"embeddable":true,"href":"https:\/\/zonaroja.com.mx\/index.php?rest_route=\/wp\/v2\/users\/2"}],"replies":[{"embeddable":true,"href":"https:\/\/zonaroja.com.mx\/index.php?rest_route=%2Fwp%2Fv2%2Fcomments&post=84260"}],"version-history":[{"count":3,"href":"https:\/\/zonaroja.com.mx\/index.php?rest_route=\/wp\/v2\/posts\/84260\/revisions"}],"predecessor-version":[{"id":84271,"href":"https:\/\/zonaroja.com.mx\/index.php?rest_route=\/wp\/v2\/posts\/84260\/revisions\/84271"}],"wp:featuredmedia":[{"embeddable":true,"href":"https:\/\/zonaroja.com.mx\/index.php?rest_route=\/wp\/v2\/media\/67970"}],"wp:attachment":[{"href":"https:\/\/zonaroja.com.mx\/index.php?rest_route=%2Fwp%2Fv2%2Fmedia&parent=84260"}],"wp:term":[{"taxonomy":"category","embeddable":true,"href":"https:\/\/zonaroja.com.mx\/index.php?rest_route=%2Fwp%2Fv2%2Fcategories&post=84260"},{"taxonomy":"post_tag","embeddable":true,"href":"https:\/\/zonaroja.com.mx\/index.php?rest_route=%2Fwp%2Fv2%2Ftags&post=84260"}],"curies":[{"name":"wp","href":"https:\/\/api.w.org\/{rel}","templated":true}]}}