{"id":84262,"date":"2025-09-04T12:10:00","date_gmt":"2025-09-04T18:10:00","guid":{"rendered":"https:\/\/zonaroja.com.mx\/?p=84262"},"modified":"2025-09-04T07:10:53","modified_gmt":"2025-09-04T13:10:53","slug":"en-gaza-mas-de-61-mil-ninos-han-sido-heridos-o-discapacitados-onu","status":"publish","type":"post","link":"https:\/\/zonaroja.com.mx\/?p=84262","title":{"rendered":"En Gaza, m\u00e1s de 61 mil ni\u00f1os han sido heridos o discapacitados: ONU"},"content":{"rendered":"\n<p>Redacci\u00f3n\/Zona Roja Cdmx.<\/p>\n\n\n\n<p>Ciudad de M\u00e9xico, a 4 de septiembre de 2025.- Al menos 21 mil ni\u00f1os quedaron discapacitados y unos 40 mil 500 sufrieron heridas provocadas por ataques israel\u00edes en la franja de Gaza desde que Israel comenz\u00f3 su feroz ofensiva hace casi 23 meses, indic\u00f3 el Comit\u00e9 de la Organizaci\u00f3n de Naciones Unidas (ONU) sobre los Derechos de las Personas con Discapacidad (CDPD), al tiempo que Save the Children denunci\u00f3 que a diario mueren ah\u00ed el equivalente a un sal\u00f3n de clases de ni\u00f1os en agresiones \u201cabsolutamente horribles\u201d.<\/p>\n\n\n\n<p>En Israel se intensificaron las protestas que exigen al gobierno la firma de un acuerdo que ponga fin de la guerra y asegure el retorno de los rehenes. Sin embargo, la oficina del premier Benjamin Netanyahu rechaz\u00f3 una vez m\u00e1s la propuesta de Hamas para lograr un acuerdo de paz.<\/p>\n\n\n\n<p>El CDPD urgi\u00f3 a Israel a adoptar medidas espec\u00edficas para proteger a los ni\u00f1os con discapacidades e implementar protocolos de evacuaci\u00f3n que los tomen en cuenta, pues las \u00f3rdenes de desalojo israel\u00edes en Gaza son \u201ca menudo inaccesibles\u201d para las personas con que padecen discapacidad auditiva o visual, \u201clo que hace imposible su evacuaci\u00f3n\u201d.<\/p>\n\n\n\n<p>Los expertos describieron casos de \u201cpersonas con discapacidad obligadas a huir en condiciones inseguras e indignas, como arrastr\u00e1ndose por la arena o el barro sin ayuda para desplazarse.<\/p>\n\n\n\n<p>\u201cLlevamos dos a\u00f1os viendo que Gaza es un lugar en el que los ni\u00f1os son atacados sistem\u00e1ticamente y en el que el n\u00famero de ni\u00f1os asesinados cada d\u00eda es enormemente elevado\u201d, declar\u00f3 Alexandra Saieh, directora de pol\u00edtica humanitaria y Defensa de Save the Children. La experta calific\u00f3 de \u201crutinarios\u201d los ataques como el ocurrido esta semana en el campo de refugiados de al-Mawasi contra una fila de personas que esperaban recibir agua, donde fueron asesinados siete menores.<\/p>\n\n\n\n<p>En las \u00faltimas 24 horas, por lo menos 73 palestinos perdieron la vida en Gaza, 16 mientras buscaban alimento en los puntos de distribuci\u00f3n de ayuda, seg\u00fan fuentes hospitalarias. La cifra total de muertos desde el comienzo del conflicto aument\u00f3 a 63 mil 700, incluidos los 367 por hambre y desnutrici\u00f3n, de los cuales 131 eran ni\u00f1os.<\/p>\n\n\n\n<p>Mientras tanto, un grupo de manifestantes israel\u00edes prendi\u00f3 fuego a varios veh\u00edculos y contenedores cerca de la residencia de Netanyahu en Tel Aviv, inform\u00f3 Times of Israel. Otros cientos bloquearon el tren ligero de Jerusal\u00e9n y decenas m\u00e1s irrumpieron en la Biblioteca Nacional; desde el techo del inmueble situado en las proximidades del Parlamento israel\u00ed (Knesset), desplegaron pancartas con la imagen del premier y el mensaje \u201cabandonaste y mataste (a los rehenes)\u201d.<\/p>\n\n\n\n<p>(Informaci\u00f3n de agencias internacionales en \u201cLa Jornada\u201d)<\/p>\n","protected":false},"excerpt":{"rendered":"<p>Redacci\u00f3n\/Zona Roja Cdmx. Ciudad de M\u00e9xico, a 4 de septiembre de 2025.- Al menos 21&hellip;<\/p>\n","protected":false},"author":2,"featured_media":69805,"comment_status":"closed","ping_status":"open","sticky":false,"template":"","format":"standard","meta":{"_lmt_disableupdate":"","_lmt_disable":"","_jetpack_memberships_contains_paid_content":false,"footnotes":""},"categories":[109,47],"tags":[2668],"class_list":["post-84262","post","type-post","status-publish","format-standard","has-post-thumbnail","hentry","category-minuto-a-minuto","category-zona-gris","tag-conflicto-gaza-israel"],"jetpack_featured_media_url":"https:\/\/zonaroja.com.mx\/wp-content\/uploads\/2024\/06\/Ninos-Gaza-heridos.jpg","jetpack_sharing_enabled":true,"_links":{"self":[{"href":"https:\/\/zonaroja.com.mx\/index.php?rest_route=\/wp\/v2\/posts\/84262","targetHints":{"allow":["GET"]}}],"collection":[{"href":"https:\/\/zonaroja.com.mx\/index.php?rest_route=\/wp\/v2\/posts"}],"about":[{"href":"https:\/\/zonaroja.com.mx\/index.php?rest_route=\/wp\/v2\/types\/post"}],"author":[{"embeddable":true,"href":"https:\/\/zonaroja.com.mx\/index.php?rest_route=\/wp\/v2\/users\/2"}],"replies":[{"embeddable":true,"href":"https:\/\/zonaroja.com.mx\/index.php?rest_route=%2Fwp%2Fv2%2Fcomments&post=84262"}],"version-history":[{"count":1,"href":"https:\/\/zonaroja.com.mx\/index.php?rest_route=\/wp\/v2\/posts\/84262\/revisions"}],"predecessor-version":[{"id":84263,"href":"https:\/\/zonaroja.com.mx\/index.php?rest_route=\/wp\/v2\/posts\/84262\/revisions\/84263"}],"wp:featuredmedia":[{"embeddable":true,"href":"https:\/\/zonaroja.com.mx\/index.php?rest_route=\/wp\/v2\/media\/69805"}],"wp:attachment":[{"href":"https:\/\/zonaroja.com.mx\/index.php?rest_route=%2Fwp%2Fv2%2Fmedia&parent=84262"}],"wp:term":[{"taxonomy":"category","embeddable":true,"href":"https:\/\/zonaroja.com.mx\/index.php?rest_route=%2Fwp%2Fv2%2Fcategories&post=84262"},{"taxonomy":"post_tag","embeddable":true,"href":"https:\/\/zonaroja.com.mx\/index.php?rest_route=%2Fwp%2Fv2%2Ftags&post=84262"}],"curies":[{"name":"wp","href":"https:\/\/api.w.org\/{rel}","templated":true}]}}