{"id":84264,"date":"2025-09-04T13:13:00","date_gmt":"2025-09-04T19:13:00","guid":{"rendered":"https:\/\/zonaroja.com.mx\/?p=84264"},"modified":"2025-09-04T07:14:13","modified_gmt":"2025-09-04T13:14:13","slug":"reconocen-xoxenos-respaldo-de-presidenta-municipal-en-realizacion-de-obras","status":"publish","type":"post","link":"https:\/\/zonaroja.com.mx\/?p=84264","title":{"rendered":"Reconocen xoxe\u00f1os respaldo de presidenta municipal en realizaci\u00f3n de obras"},"content":{"rendered":"\n<p>Redacci\u00f3n\/Zona Roja.&nbsp;<\/p>\n\n\n\n<p>Oaxaca, Oax., a 4 de septiembre de 2025.- Con emoci\u00f3n y palabras de agradecimiento, habitantes de las colonias Los Higos, Mirador y Colinas de San Jos\u00e9 respaldaron a la presidenta municipal Nancy Ben\u00edtez Z\u00e1rate, en el reciente banderazo a las obras de pavimentaci\u00f3n que beneficiar\u00e1n a m\u00e1s de 450 habitantes.&nbsp;<\/p>\n\n\n\n<p>En entrevista, Pablo G\u00f3mez, habitante de la colonia Los Higos, expres\u00f3 la satisfacci\u00f3n de los colonos: \u201cestamos muy contentos porque por fin vemos que hay una presidenta que ha respondido a nuestras peticiones. Durante muchos a\u00f1os padecimos inundaciones y encharcamientos, pero ahora vemos resultados con el inicio de esta obra en nuestra calle principal\u201d.<\/p>\n\n\n\n<p>En la colonia Mirador, Ang\u00e9lica Alav\u00e9s record\u00f3 que la calle se convert\u00eda en laguna cada temporada de lluvias, mientras Alejandra Mat\u00edas destac\u00f3 que la pavimentaci\u00f3n permitir\u00e1 un tr\u00e1nsito escolar m\u00e1s seguro.<\/p>\n\n\n\n<p>Mientras que, en Colinas de San Jos\u00e9, Donato Garc\u00eda Pachuca destac\u00f3 que la obra con adoqu\u00edn responde a la preocupaci\u00f3n por el agua y el medio ambiente.<\/p>\n\n\n\n<p>\u201cSolicitamos que fuera adoqu\u00edn para que el agua pueda filtrarse, porque tenemos un pozo profundo que se sec\u00f3. Es importante priorizar el vital l\u00edquido, y agradecemos a la presidenta por apoyarnos con esta obra tan necesaria\u201d.<\/p>\n\n\n\n<p>Las obras, financiadas con recursos del FAISUM, reflejan el compromiso del Ayuntamiento de Xoxocotl\u00e1n con la movilidad, la seguridad y la dignidad de las familias.<\/p>\n","protected":false},"excerpt":{"rendered":"<p>Redacci\u00f3n\/Zona Roja.&nbsp; Oaxaca, Oax., a 4 de septiembre de 2025.- Con emoci\u00f3n y palabras de&hellip;<\/p>\n","protected":false},"author":2,"featured_media":84265,"comment_status":"closed","ping_status":"open","sticky":false,"template":"","format":"standard","meta":{"_lmt_disableupdate":"","_lmt_disable":"","_jetpack_memberships_contains_paid_content":false,"footnotes":""},"categories":[109,46],"tags":[3376,133],"class_list":["post-84264","post","type-post","status-publish","format-standard","has-post-thumbnail","hentry","category-minuto-a-minuto","category-zona-blanca","tag-nancy-benitez","tag-santa-cruz-xoxocotlan"],"jetpack_featured_media_url":"https:\/\/zonaroja.com.mx\/wp-content\/uploads\/2025\/09\/Responde-Nancy-Benitez-a-peticiones-de-pavimentacion-reconocen-xoxenos-3.jpeg","jetpack_sharing_enabled":true,"_links":{"self":[{"href":"https:\/\/zonaroja.com.mx\/index.php?rest_route=\/wp\/v2\/posts\/84264","targetHints":{"allow":["GET"]}}],"collection":[{"href":"https:\/\/zonaroja.com.mx\/index.php?rest_route=\/wp\/v2\/posts"}],"about":[{"href":"https:\/\/zonaroja.com.mx\/index.php?rest_route=\/wp\/v2\/types\/post"}],"author":[{"embeddable":true,"href":"https:\/\/zonaroja.com.mx\/index.php?rest_route=\/wp\/v2\/users\/2"}],"replies":[{"embeddable":true,"href":"https:\/\/zonaroja.com.mx\/index.php?rest_route=%2Fwp%2Fv2%2Fcomments&post=84264"}],"version-history":[{"count":1,"href":"https:\/\/zonaroja.com.mx\/index.php?rest_route=\/wp\/v2\/posts\/84264\/revisions"}],"predecessor-version":[{"id":84266,"href":"https:\/\/zonaroja.com.mx\/index.php?rest_route=\/wp\/v2\/posts\/84264\/revisions\/84266"}],"wp:featuredmedia":[{"embeddable":true,"href":"https:\/\/zonaroja.com.mx\/index.php?rest_route=\/wp\/v2\/media\/84265"}],"wp:attachment":[{"href":"https:\/\/zonaroja.com.mx\/index.php?rest_route=%2Fwp%2Fv2%2Fmedia&parent=84264"}],"wp:term":[{"taxonomy":"category","embeddable":true,"href":"https:\/\/zonaroja.com.mx\/index.php?rest_route=%2Fwp%2Fv2%2Fcategories&post=84264"},{"taxonomy":"post_tag","embeddable":true,"href":"https:\/\/zonaroja.com.mx\/index.php?rest_route=%2Fwp%2Fv2%2Ftags&post=84264"}],"curies":[{"name":"wp","href":"https:\/\/api.w.org\/{rel}","templated":true}]}}