{"id":84273,"date":"2025-09-04T15:03:03","date_gmt":"2025-09-04T21:03:03","guid":{"rendered":"https:\/\/zonaroja.com.mx\/?p=84273"},"modified":"2025-09-04T15:03:03","modified_gmt":"2025-09-04T21:03:03","slug":"en-zaachila-oaxaca-un-individuo-mato-a-su-pareja-y-despues-se-quito-la-vida","status":"publish","type":"post","link":"https:\/\/zonaroja.com.mx\/?p=84273","title":{"rendered":"En Zaachila, Oaxaca, un individuo mat\u00f3 a su pareja y despu\u00e9s se quit\u00f3 la vida"},"content":{"rendered":"\n<p>Ismael Garc\u00eda M.\/Zona Roja<\/p>\n\n\n\n<p>Oaxaca, Oax., a 4 de septiembre de 2025.- Un individuo asesin\u00f3 a su pareja y despu\u00e9s presuntamente se quit\u00f3 la vida, en la Villa de Zaachila, municipio de la regi\u00f3n Valles Centrales de Oaxaca.&nbsp;<\/p>\n\n\n\n<p>Los cuerpos fueron localizados la ma\u00f1ana de este jueves en la privada de Zapoteca, Barrio La Soledad, y las v\u00edctimas fueron identificadas de manera preliminar como&nbsp;Joaqu\u00edn S. G. y Belinda R. R., de 22 a\u00f1os de edad.<\/p>\n\n\n\n<p>La Fiscal\u00eda General del Estado de Oaxaca (FGEO) confirm\u00f3 el doble homicidio; dio a conocer que activ\u00f3 el Protocolo de Investigaci\u00f3n Ministerial, Policial y Pericial del Delito de Feminicidio e inici\u00f3 las investigaciones correspondientes luego del hallazgo de los cuerpos sin vida de dos personas, una mujer y un hombre.<\/p>\n\n\n\n<p>En un comunicado, detall\u00f3 que se despleg\u00f3 un equipo multidisciplinario para realizar los trabajos ministeriales y periciales, en el lugar de los hechos.&nbsp;<\/p>\n\n\n\n<p>\u201cLas investigaciones iniciales con perspectiva de g\u00e9nero y las primeras labores en ciencia forense sugieren que la v\u00edctima mujer habr\u00eda sufrido una agresi\u00f3n por parte del hombre encontrado en el mismo lugar.<\/p>\n\n\n\n<p>\u201cAsimismo, los peritos hallaron sin vida al probable agresor quien, de acuerdo con los indicios apuntan a que se trata de un suicidio\u201d, indic\u00f3.&nbsp;<\/p>\n\n\n\n<p>Presuntamente el sujeto lleg\u00f3 ebrio a su domicilio tras lo cual se suscit\u00f3 una ri\u00f1a, que deriv\u00f3 en los hechos fatales.&nbsp;<\/p>\n","protected":false},"excerpt":{"rendered":"<p>Ismael Garc\u00eda M.\/Zona Roja Oaxaca, Oax., a 4 de septiembre de 2025.- Un individuo asesin\u00f3&hellip;<\/p>\n","protected":false},"author":2,"featured_media":84272,"comment_status":"closed","ping_status":"open","sticky":false,"template":"","format":"standard","meta":{"_lmt_disableupdate":"","_lmt_disable":"","_jetpack_memberships_contains_paid_content":false,"footnotes":""},"categories":[109,51],"tags":[155],"class_list":["post-84273","post","type-post","status-publish","format-standard","has-post-thumbnail","hentry","category-minuto-a-minuto","category-zona-roja","tag-villa-de-zaachila"],"jetpack_featured_media_url":"https:\/\/zonaroja.com.mx\/wp-content\/uploads\/2025\/09\/img_0295.jpg","jetpack_sharing_enabled":true,"_links":{"self":[{"href":"https:\/\/zonaroja.com.mx\/index.php?rest_route=\/wp\/v2\/posts\/84273","targetHints":{"allow":["GET"]}}],"collection":[{"href":"https:\/\/zonaroja.com.mx\/index.php?rest_route=\/wp\/v2\/posts"}],"about":[{"href":"https:\/\/zonaroja.com.mx\/index.php?rest_route=\/wp\/v2\/types\/post"}],"author":[{"embeddable":true,"href":"https:\/\/zonaroja.com.mx\/index.php?rest_route=\/wp\/v2\/users\/2"}],"replies":[{"embeddable":true,"href":"https:\/\/zonaroja.com.mx\/index.php?rest_route=%2Fwp%2Fv2%2Fcomments&post=84273"}],"version-history":[{"count":1,"href":"https:\/\/zonaroja.com.mx\/index.php?rest_route=\/wp\/v2\/posts\/84273\/revisions"}],"predecessor-version":[{"id":84274,"href":"https:\/\/zonaroja.com.mx\/index.php?rest_route=\/wp\/v2\/posts\/84273\/revisions\/84274"}],"wp:featuredmedia":[{"embeddable":true,"href":"https:\/\/zonaroja.com.mx\/index.php?rest_route=\/wp\/v2\/media\/84272"}],"wp:attachment":[{"href":"https:\/\/zonaroja.com.mx\/index.php?rest_route=%2Fwp%2Fv2%2Fmedia&parent=84273"}],"wp:term":[{"taxonomy":"category","embeddable":true,"href":"https:\/\/zonaroja.com.mx\/index.php?rest_route=%2Fwp%2Fv2%2Fcategories&post=84273"},{"taxonomy":"post_tag","embeddable":true,"href":"https:\/\/zonaroja.com.mx\/index.php?rest_route=%2Fwp%2Fv2%2Ftags&post=84273"}],"curies":[{"name":"wp","href":"https:\/\/api.w.org\/{rel}","templated":true}]}}