{"id":84275,"date":"2025-09-04T17:11:50","date_gmt":"2025-09-04T23:11:50","guid":{"rendered":"https:\/\/zonaroja.com.mx\/?p=84275"},"modified":"2025-09-04T17:11:51","modified_gmt":"2025-09-04T23:11:51","slug":"tras-denuncias-shein-finalmente-accede-a-dialogo-con-oaxaca","status":"publish","type":"post","link":"https:\/\/zonaroja.com.mx\/?p=84275","title":{"rendered":"Tras denuncias, Shein finalmente accede a di\u00e1logo con Oaxaca"},"content":{"rendered":"\n<p>Lisbeth Mej\u00eda Reyes\/Zona Roja.<\/p>\n\n\n\n<p>Oaxaca, Oax., a 4 de septiembre de 2025.- Despu\u00e9s de varios d\u00edas y de dos denuncias por plagiar textiles tradicionales del estado de Oaxaca, la representaci\u00f3n mexicana de la empresa Shein se reuni\u00f3 con funcionarios estatales para, finalmente, iniciar el proceso de reparaci\u00f3n de da\u00f1o por explotar el patrimonio cultural.<\/p>\n\n\n\n<p>Este jueves, directivos de la transnacional sostuvieron una reuni\u00f3n virtual con la diputada Irma Pineda, presidenta de la Comisi\u00f3n Permanente de Cultura y Artes de la 65 legislatura; Flavio Sosa Villavicencio, secretario de las Culturas y Artes, y Michel Pineda, director de la Casa de la Cultura de Juchit\u00e1n.<\/p>\n\n\n\n<p>De parte de Shein M\u00e9xico participaron el responsable de la Oficina de Asuntos P\u00fablicos, Patricio Lassauzet Garc\u00eda; de la Gerencia Senior, Rosangela Hern\u00e1ndez Mendoza, y el titular de Asuntos Gubernamentales, Juan de Dios V\u00e1zquez, explic\u00f3 la diputada Irma Pineda.<\/p>\n\n\n\n<p>Se espera que tras este primer encuentro virtual la representaci\u00f3n del gigante chino de moda r\u00e1pida y comercio electr\u00f3nico visite el estado para un nuevo encuentro en el que se definan las acciones de reparaci\u00f3n por la apropiaci\u00f3n cultural indebida.<\/p>\n\n\n\n<p>\u00abDe acuerdo con Sosa, a la y los directores de Shein M\u00e9xico se les propuso una reuni\u00f3n presencial en Oaxaca para revisar un mecanismo que repare el da\u00f1o causado por las apropiaciones culturales denunciadas, acordar un mecanismo que pueda garantizar la No repetici\u00f3n, y una disculpa p\u00fablica a las y los artesanos\u00bb.<\/p>\n\n\n\n<p>La empresa solicit\u00f3 dos d\u00edas para revisar nuestra propuesta y responder con una fecha de visita a Oaxaca que permita revisar los puntos propuestos, se\u00f1al\u00f3 Sosa Villavicencio.<\/p>\n\n\n\n<p>Por su parte, Pineda detall\u00f3 que en el di\u00e1logo se le hizo saber a la empresa que \u00abaunque esta plataforma solo es la ventana para ventas, es necesario que revisen sus pol\u00edticas y reglas, para que no vendan nada que no lleve las debidas autorizaciones, dado que es preciso establecer acuerdos claros que respeten los valores y elementos culturales de los #PueblosInd\u00edgenas de nuestro estado\u00bb.<\/p>\n\n\n\n<p>A las recientes pol\u00e9micas por la apropiaci\u00f3n cultural de Adidas hacia los huaraches de Villa Hidalgo Yal\u00e1lag y de Headquarter-Carhartt Wip a los diablos de Juxtlahuaca, se sum\u00f3 nuevamente el gigante chino de moda r\u00e1pida Shein.&nbsp;<\/p>\n\n\n\n<p>En los \u00faltimos d\u00edas de agosto, la diputada Irma Pineda y la Seculta denunciaron un nuevo plagio por parte de Shein en contra de los bordados del Istmo de Tehuantepec y por lo cual exigieron el retiro de la prenda en cuesti\u00f3n.&nbsp;<\/p>\n\n\n\n<p>La exigencia, al igual que en el caso de Yal\u00e1lag, fue una reparaci\u00f3n del da\u00f1o y no repetici\u00f3n.<\/p>\n\n\n\n<p>Sin embargo, d\u00edas despu\u00e9s y sin que la empresa se disculpara, las autoridades detectaron otra apropiaci\u00f3n cultural de los textiles tradicionales de Oaxaca, ahora del bordado de la comunidad San Antonino Castillo Velasco. Es decir, Shein ha copiado y lucrado con al menos dos textiles tradicionales del estado de Oaxaca.<\/p>\n","protected":false},"excerpt":{"rendered":"<p>Lisbeth Mej\u00eda Reyes\/Zona Roja. Oaxaca, Oax., a 4 de septiembre de 2025.- Despu\u00e9s de varios&hellip;<\/p>\n","protected":false},"author":2,"featured_media":84278,"comment_status":"closed","ping_status":"open","sticky":false,"template":"","format":"standard","meta":{"_lmt_disableupdate":"","_lmt_disable":"","_jetpack_memberships_contains_paid_content":false,"footnotes":""},"categories":[109,46],"tags":[4427],"class_list":["post-84275","post","type-post","status-publish","format-standard","has-post-thumbnail","hentry","category-minuto-a-minuto","category-zona-blanca","tag-shein-plagio-oaxaca"],"jetpack_featured_media_url":"https:\/\/zonaroja.com.mx\/wp-content\/uploads\/2025\/09\/Reunon-Oaxaca-caso-Shein.jpg","jetpack_sharing_enabled":true,"_links":{"self":[{"href":"https:\/\/zonaroja.com.mx\/index.php?rest_route=\/wp\/v2\/posts\/84275","targetHints":{"allow":["GET"]}}],"collection":[{"href":"https:\/\/zonaroja.com.mx\/index.php?rest_route=\/wp\/v2\/posts"}],"about":[{"href":"https:\/\/zonaroja.com.mx\/index.php?rest_route=\/wp\/v2\/types\/post"}],"author":[{"embeddable":true,"href":"https:\/\/zonaroja.com.mx\/index.php?rest_route=\/wp\/v2\/users\/2"}],"replies":[{"embeddable":true,"href":"https:\/\/zonaroja.com.mx\/index.php?rest_route=%2Fwp%2Fv2%2Fcomments&post=84275"}],"version-history":[{"count":1,"href":"https:\/\/zonaroja.com.mx\/index.php?rest_route=\/wp\/v2\/posts\/84275\/revisions"}],"predecessor-version":[{"id":84279,"href":"https:\/\/zonaroja.com.mx\/index.php?rest_route=\/wp\/v2\/posts\/84275\/revisions\/84279"}],"wp:featuredmedia":[{"embeddable":true,"href":"https:\/\/zonaroja.com.mx\/index.php?rest_route=\/wp\/v2\/media\/84278"}],"wp:attachment":[{"href":"https:\/\/zonaroja.com.mx\/index.php?rest_route=%2Fwp%2Fv2%2Fmedia&parent=84275"}],"wp:term":[{"taxonomy":"category","embeddable":true,"href":"https:\/\/zonaroja.com.mx\/index.php?rest_route=%2Fwp%2Fv2%2Fcategories&post=84275"},{"taxonomy":"post_tag","embeddable":true,"href":"https:\/\/zonaroja.com.mx\/index.php?rest_route=%2Fwp%2Fv2%2Ftags&post=84275"}],"curies":[{"name":"wp","href":"https:\/\/api.w.org\/{rel}","templated":true}]}}