{"id":84280,"date":"2025-09-05T10:21:00","date_gmt":"2025-09-05T16:21:00","guid":{"rendered":"https:\/\/zonaroja.com.mx\/?p=84280"},"modified":"2025-09-05T06:55:54","modified_gmt":"2025-09-05T12:55:54","slug":"division-entre-los-monreal-o-sigue-el-nepotismo-pelean-por-zacatecas","status":"publish","type":"post","link":"https:\/\/zonaroja.com.mx\/?p=84280","title":{"rendered":"\u00bfDivisi\u00f3n entre los Monreal? O Sigue el nepotismo; pelean por Zacatecas"},"content":{"rendered":"\n<p>Redacci\u00f3n\/Zona Roja Cdmx.<\/p>\n\n\n\n<p>Ciudad de M\u00e9xico, a 5 de septiembre de 2025.- Rumbo a las elecciones de 2027, donde se renovar\u00e1n distintas gubernaturas, incluida Zacatecas, surgen diferencias al interior de Morena y la familia de los Monreal.<\/p>\n\n\n\n<p>El senador de Morena, Sa\u00fal Monreal, habl\u00f3 sobre sus aspiraciones a la gubernatura de Zacatecas, entidad que actualmente gobierna su hermano David.<\/p>\n\n\n\n<p>Las tensiones entre los morenistas surgen en medio del \u201ccandado\u201d del partido para prohibir el nepotismo electoral y que aplique a partir de los comicios de 2027.<\/p>\n\n\n\n<p>Luego de haber denunciado que exist\u00edan grupos que est\u00e1n influenciando a su hermano, el gobernador David Monreal, para frenar su pretendida candidatura, el legislador asegur\u00f3 en entrevista con Azucena Uresti para Grupo F\u00f3rmula que \u00e9l no tendr\u00eda el visto bueno de su familiar.<\/p>\n\n\n\n<p>\u201cAunque no lo crea, no soy el favorito del gobernador. Ahora, a m\u00ed, cambiando la moneda, yo les digo: \u00bfy por qu\u00e9 me van a limitar mi aspiraci\u00f3n, mi leg\u00edtima aspiraci\u00f3n, un derecho universal, el de votar y ser votado, por qu\u00e9 me lo est\u00e1n restringiendo por ser familiar?\u201d, expuso.<\/p>\n\n\n\n<p>Sa\u00fal Monreal acus\u00f3 al presidente del Consejo Estatal de Morena, Rub\u00e9n Flores M\u00e1rquez, de emprender una campa\u00f1a en su contra para tirar su perfil por la gubernatura de Zacatecas, mediante sectarismos y actitudes beligerantes.<\/p>\n\n\n\n<p>\u201cTraen ellos (los del Consejo Estatal) su inter\u00e9s de que otra persona, otros equipos, se apropian de Morena, y sobre todo de la candidatura. Eso yo no lo voy a permitir\u201d, plante\u00f3.<\/p>\n\n\n\n<p>Este frente dentro de la familia Monreal \u2013una de las m\u00e1s poderosas en la 4T\u2013 podr\u00eda generar a\u00fan m\u00e1s fracturas en el partido guinda, que sigue acumulando pugnas ante las elecciones del 2027 que ser\u00e1n clave para la continuidad de su proyecto previo a los comicios presidenciales de 2030.<\/p>\n\n\n\n<p>Ante la pregunta expresa de si Ricardo Monreal, coordinador de los diputados de Morena, se ha comunicado con \u00e9l, Sa\u00fal dijo que ha conversado con su hermano sobre sus pretensiones de buscar la gubernatura del estado.<\/p>\n\n\n\n<p>\u201cYo le dije: \u2018yo quiero ejercer mi derecho a participar\u2019 (&#8230;) \u00c9l ha sido respetuoso y me ha dicho: \u2018nada m\u00e1s cuida las formas y lo que t\u00fa consideres\u2019\u201d, comparti\u00f3.<\/p>\n\n\n\n<p>Cuando reci\u00e9n se aprob\u00f3 la ley anti-nepotismo, Ricardo Monreal habl\u00f3 sobre el caso de Sa\u00fal y mencion\u00f3 que no ser\u00eda correcto que su hermano buscara suceder a David Monreal en el poder.<\/p>\n\n\n\n<p>Sa\u00fal Monreal a\u00f1adi\u00f3 que no saldr\u00e1 de Morena si en el proceso para la definici\u00f3n de la candidatura en Zacatecas es transparente y en unidad.<\/p>\n\n\n\n<p>Adem\u00e1s, precis\u00f3 que \u00e9l no quiere abandonar el partido, sino que lo quieren sacar a \u00e9l, seg\u00fan argument\u00f3.<\/p>\n\n\n\n<p>\u201cUna cosa es que me pueda ir y otra cosa es que me echen del partido, como lo est\u00e1n haciendo ahorita con esta campa\u00f1a orquestada en mi contra (&#8230;) Si siguen con esas actitudes, si ellos toman su decisi\u00f3n, yo tomar\u00e9 mi decisi\u00f3n\u201d, remarc\u00f3.<\/p>\n\n\n\n<p>Finalmente, no cerr\u00f3 la puerta a abandonar Morena si no existen las condiciones que deline\u00f3 para obtener su candidatura: \u201cNo est\u00e1 descartado, vamos a esperar\u201d.<\/p>\n\n\n\n<p>(Informaci\u00f3n del portal Pol\u00edtico.Mx)<\/p>\n","protected":false},"excerpt":{"rendered":"<p>Redacci\u00f3n\/Zona Roja Cdmx. Ciudad de M\u00e9xico, a 5 de septiembre de 2025.- Rumbo a las&hellip;<\/p>\n","protected":false},"author":2,"featured_media":84281,"comment_status":"closed","ping_status":"open","sticky":false,"template":"","format":"standard","meta":{"_lmt_disableupdate":"","_lmt_disable":"","_jetpack_memberships_contains_paid_content":false,"footnotes":""},"categories":[109,47],"tags":[583,4429],"class_list":["post-84280","post","type-post","status-publish","format-standard","has-post-thumbnail","hentry","category-minuto-a-minuto","category-zona-gris","tag-ricardo-monreal","tag-saul-monreal"],"jetpack_featured_media_url":"https:\/\/zonaroja.com.mx\/wp-content\/uploads\/2025\/09\/Hermanos-Monreal.jpg","jetpack_sharing_enabled":true,"_links":{"self":[{"href":"https:\/\/zonaroja.com.mx\/index.php?rest_route=\/wp\/v2\/posts\/84280","targetHints":{"allow":["GET"]}}],"collection":[{"href":"https:\/\/zonaroja.com.mx\/index.php?rest_route=\/wp\/v2\/posts"}],"about":[{"href":"https:\/\/zonaroja.com.mx\/index.php?rest_route=\/wp\/v2\/types\/post"}],"author":[{"embeddable":true,"href":"https:\/\/zonaroja.com.mx\/index.php?rest_route=\/wp\/v2\/users\/2"}],"replies":[{"embeddable":true,"href":"https:\/\/zonaroja.com.mx\/index.php?rest_route=%2Fwp%2Fv2%2Fcomments&post=84280"}],"version-history":[{"count":2,"href":"https:\/\/zonaroja.com.mx\/index.php?rest_route=\/wp\/v2\/posts\/84280\/revisions"}],"predecessor-version":[{"id":84295,"href":"https:\/\/zonaroja.com.mx\/index.php?rest_route=\/wp\/v2\/posts\/84280\/revisions\/84295"}],"wp:featuredmedia":[{"embeddable":true,"href":"https:\/\/zonaroja.com.mx\/index.php?rest_route=\/wp\/v2\/media\/84281"}],"wp:attachment":[{"href":"https:\/\/zonaroja.com.mx\/index.php?rest_route=%2Fwp%2Fv2%2Fmedia&parent=84280"}],"wp:term":[{"taxonomy":"category","embeddable":true,"href":"https:\/\/zonaroja.com.mx\/index.php?rest_route=%2Fwp%2Fv2%2Fcategories&post=84280"},{"taxonomy":"post_tag","embeddable":true,"href":"https:\/\/zonaroja.com.mx\/index.php?rest_route=%2Fwp%2Fv2%2Ftags&post=84280"}],"curies":[{"name":"wp","href":"https:\/\/api.w.org\/{rel}","templated":true}]}}