{"id":84283,"date":"2025-09-04T18:35:00","date_gmt":"2025-09-05T00:35:00","guid":{"rendered":"https:\/\/zonaroja.com.mx\/?p=84283"},"modified":"2025-09-04T17:37:12","modified_gmt":"2025-09-04T23:37:12","slug":"imparticion-de-justicia-sigue-su-marcha-enriquecida-con-una-vision-mas-humana","status":"publish","type":"post","link":"https:\/\/zonaroja.com.mx\/?p=84283","title":{"rendered":"Impartici\u00f3n de justicia sigue su marcha enriquecida con una visi\u00f3n m\u00e1s humana"},"content":{"rendered":"\n<p>Ismael Garc\u00eda M.\/Zona Roja.<\/p>\n\n\n\n<p>Oaxaca, Oax., a 4 de septiembre de 2025.- Al participar en la ceremonia de izamiento de la Bandera Nacional, la titular del Poder Judicial de Oaxaca, \u00c9rika Mar\u00eda Rodr\u00edguez Rodr\u00edguez, reiter\u00f3 que&nbsp;la impartici\u00f3n de justicia sigue su marcha enriquecida con una visi\u00f3n m\u00e1s humana y hundiendo sus ra\u00edces en el pluralismo jur\u00eddico y el reconocimiento pleno de M\u00e9xico como una naci\u00f3n intercultural.&nbsp;<\/p>\n\n\n\n<p>\u201cEsa era la gran deuda que ten\u00edamos con nuestras hermanas y hermanos ind\u00edgenas que hoy tienen en Hugo Aguilar -nuestro paisano- al primero y&nbsp;m\u00e1s ferviente defensor de sus derechos desde la Suprema Corte de Justicia de la Naci\u00f3n (SCJN), destac\u00f3.<\/p>\n\n\n\n<p>En el acto c\u00edvico efectuado en la Alameda de Le\u00f3n de la capital, en presencia de magistradas y magistrados, as\u00ed como personal del Tribunal Superior de Justicia y del Consejo de la Judicatura, sostuvo que M\u00e9xico es hijo de revoluciones, \u201ca veces armadas y a veces pac\u00edficas como la que hoy nos toca vivir y conduci\u201d.<\/p>\n\n\n\n<p>Record\u00f3 que la Independencia de M\u00e9xico cobra importancia hoy&nbsp;m\u00e1s&nbsp;que nunca, porque \u201cnunca como hoy en el M\u00e9xico contempor\u00e1neo, hab\u00edamos visto despiertas las tentaciones del entreguismo y el intervencionismo extranjero\u201d.&nbsp;<\/p>\n\n\n\n<p>Rodr\u00edguez Rodr\u00edguez agreg\u00f3 que las fiestas patrias son el marco para recordar lo que somos, de d\u00f3nde venimos y hacia&nbsp;d\u00f3nde queremos ir.<\/p>\n\n\n\n<p>Sostuvo que desde el Poder Judicial de Oaxaca y especialmente desde el Tribunal Superior de Justicia, se reitera con la&nbsp;Presidenta&nbsp;de M\u00e9xico el llamado a la unidad nacional desde el federalismo, la divisi\u00f3n de poderes y el reconocimiento de M\u00e9xico como naci\u00f3n soberana y afirmada en la historia de su constitucionalismo.&nbsp;<\/p>\n\n\n\n<p>\u201cVaya un saludo al paisano&nbsp;Presidente&nbsp;de la Corte a quien le reiteramos el compromiso del Poder Judicial de Oaxaca de trabajar en equipo para hacer posible un M\u00e9xico m\u00e1s justo\u201d, dijo.<\/p>\n\n\n\n<p>A\u00f1adi\u00f3 que desde los poderes judiciales tambi\u00e9n se construye independencia&nbsp;desde &nbsp;la imparcialidad y el profesionalismo de sus integrantes.&nbsp;<\/p>\n\n\n\n<p>\u201cY por eso hoy estamos aqu\u00ed, orgullosos de poder decirle al pueblo de Oaxaca que trabajamos sin descanso para que nuestras sentencias no solo pongan punto final a las controversias, sino materialicen los anhelos de justicia, especialmente de los que menos tienen y de los que menos pueden\u201d.<\/p>\n\n\n\n<p>La titular del Poder Judicial remarc\u00f3:<\/p>\n\n\n\n<p>\u201cMujeres, ni\u00f1as, ni\u00f1os, adolescentes, personas de la comunidad LGTBQ+, personas adultas mayores, personas con discapacidad y desde luego, personas y pueblos y comunidades ind\u00edgenas y el pueblo afromexicano van primero. La justicia es ciega, pero no insensible\u201d.<\/p>\n\n\n\n<figure class=\"wp-block-embed is-type-rich is-provider-twitter wp-block-embed-twitter\"><div class=\"wp-block-embed__wrapper\">\n<div class=\"twitter-tweet\"><blockquote class=\"twitter-tweet\" data-lang=\"es\"><p lang=\"es\" dir=\"ltr\">A la titular del Poder Judicial de Oaxaca, \u00c9rika Mar\u00eda Rodr\u00edguez a Rodr\u00edguez (<a href=\"https:\/\/twitter.com\/erikamariarr?ref_src=twsrc%5Etfw\">@erikamariarr<\/a>) presidi\u00f3 la ma\u00f1ana de hoy la ceremonia de izamiento de la Bandera Nacional, en la Alameda de Le\u00f3n. <br><br>\u201cDesde el Poder Judicial de Oaxaca y especialmente desde el Tribunal Superior de\u2026 <a href=\"https:\/\/t.co\/lP4Svh8fYJ\">pic.twitter.com\/lP4Svh8fYJ<\/a><\/p>&mdash; Zona Roja Oaxaca (@ZonaRoja_Oaxaca) <a href=\"https:\/\/twitter.com\/ZonaRoja_Oaxaca\/status\/1963618060150923547?ref_src=twsrc%5Etfw\">4 de septiembre de 2025<\/a><\/blockquote><\/div>\n<\/div><\/figure>\n","protected":false},"excerpt":{"rendered":"<p>Ismael Garc\u00eda M.\/Zona Roja. Oaxaca, Oax., a 4 de septiembre de 2025.- Al participar en&hellip;<\/p>\n","protected":false},"author":2,"featured_media":84277,"comment_status":"closed","ping_status":"open","sticky":false,"template":"","format":"standard","meta":{"_lmt_disableupdate":"","_lmt_disable":"","_jetpack_memberships_contains_paid_content":false,"footnotes":""},"categories":[109,46],"tags":[4430,1369],"class_list":["post-84283","post","type-post","status-publish","format-standard","has-post-thumbnail","hentry","category-minuto-a-minuto","category-zona-blanca","tag-erika-maria-rodriguez-rodriguez","tag-tribunal-superior-de-justicia-de-oaxacatsejo"],"jetpack_featured_media_url":"https:\/\/zonaroja.com.mx\/wp-content\/uploads\/2025\/09\/Magistrada-Erika-Maria-Rodriguez.jpg","jetpack_sharing_enabled":true,"_links":{"self":[{"href":"https:\/\/zonaroja.com.mx\/index.php?rest_route=\/wp\/v2\/posts\/84283","targetHints":{"allow":["GET"]}}],"collection":[{"href":"https:\/\/zonaroja.com.mx\/index.php?rest_route=\/wp\/v2\/posts"}],"about":[{"href":"https:\/\/zonaroja.com.mx\/index.php?rest_route=\/wp\/v2\/types\/post"}],"author":[{"embeddable":true,"href":"https:\/\/zonaroja.com.mx\/index.php?rest_route=\/wp\/v2\/users\/2"}],"replies":[{"embeddable":true,"href":"https:\/\/zonaroja.com.mx\/index.php?rest_route=%2Fwp%2Fv2%2Fcomments&post=84283"}],"version-history":[{"count":1,"href":"https:\/\/zonaroja.com.mx\/index.php?rest_route=\/wp\/v2\/posts\/84283\/revisions"}],"predecessor-version":[{"id":84284,"href":"https:\/\/zonaroja.com.mx\/index.php?rest_route=\/wp\/v2\/posts\/84283\/revisions\/84284"}],"wp:featuredmedia":[{"embeddable":true,"href":"https:\/\/zonaroja.com.mx\/index.php?rest_route=\/wp\/v2\/media\/84277"}],"wp:attachment":[{"href":"https:\/\/zonaroja.com.mx\/index.php?rest_route=%2Fwp%2Fv2%2Fmedia&parent=84283"}],"wp:term":[{"taxonomy":"category","embeddable":true,"href":"https:\/\/zonaroja.com.mx\/index.php?rest_route=%2Fwp%2Fv2%2Fcategories&post=84283"},{"taxonomy":"post_tag","embeddable":true,"href":"https:\/\/zonaroja.com.mx\/index.php?rest_route=%2Fwp%2Fv2%2Ftags&post=84283"}],"curies":[{"name":"wp","href":"https:\/\/api.w.org\/{rel}","templated":true}]}}