{"id":84285,"date":"2025-09-04T19:00:00","date_gmt":"2025-09-05T01:00:00","guid":{"rendered":"https:\/\/zonaroja.com.mx\/?p=84285"},"modified":"2025-09-04T17:42:39","modified_gmt":"2025-09-04T23:42:39","slug":"respaldan-senadores-acuerdo-bilateral-de-seguridad-mexico-eu","status":"publish","type":"post","link":"https:\/\/zonaroja.com.mx\/?p=84285","title":{"rendered":"Respaldan senadores acuerdo bilateral de seguridad M\u00e9xico-EU"},"content":{"rendered":"\n<p>Redacci\u00f3n\/Zona Roja Cdmx.<\/p>\n\n\n\n<p>Ciudad de M\u00e9xico, a 4 de septiembre de 2025.-El Grupo Parlamentario de Morena en el Senado de la Rep\u00fablica celebra y respalda enf\u00e1ticamente el Acuerdo de Seguridad alcanzado entre el gobierno de la Presidenta Claudia Sheinbaum Pardo y el gobierno de los Estados Unidos, por constituir un modelo de diplomacia moderna, soberana y efectiva.<\/p>\n\n\n\n<p>As\u00ed lo afirm\u00f3 el senador por Oaxaca, Antonino Morales Toledo, quien destac\u00f3 que el entendimiento se encuentra estrictamente alineado con los principios constitucionales que rigen la pol\u00edtica exterior de M\u00e9xico: el respeto irrestricto a la soberan\u00eda nacional, la integridad territorial y la promoci\u00f3n de una colaboraci\u00f3n basada en la dignidad y el beneficio mutuo, nunca en la subordinaci\u00f3n.<\/p>\n\n\n\n<p>\u201cEste acuerdo transparente y mutuamente beneficioso desmiente categ\u00f3ricamente y deja en evidencia a quienes, desde la oposici\u00f3n, clamaron por intervenciones externas que atentan contra la integridad de la naci\u00f3n. Hoy, la Cuarta Transformaci\u00f3n demuestra que se negocia con firmeza y con la frente en alto\u201d, afirm\u00f3 el senador integrante de la Comisi\u00f3n de Derechos Humanos.<\/p>\n\n\n\n<p>Enfatiz\u00f3 que el di\u00e1logo franco y directo sostenido durante meses por nuestras autoridades ha dado como resultado un marco de cooperaci\u00f3n claro y previsible. \u201cEste proceso nos deja un saldo positivo: sabemos qu\u00e9 har\u00e1 cada naci\u00f3n, dentro de su marco legal, para enfrentar juntos los desaf\u00edos de seguridad. No hubo cesiones, no hubo imposiciones. Hubo diplomacia, en su m\u00e1s alto sentido\u201d.<\/p>\n\n\n\n<p>Morales Toledo se\u00f1al\u00f3 que, en su comparecencia, el Canciller, Juan Ram\u00f3n de la Fuente, podr\u00e1 abundar sobre los amplios alcances de una negociaci\u00f3n que sienta las bases para una coordinaci\u00f3n robusta en los pr\u00f3ximos a\u00f1os. \u201cHemos enterrado esquemas opacos y fallidos del pasado, como la Iniciativa M\u00e9rida, que s\u00f3lo dejaron un saldo doloroso de violencia y v\u00edctimas. Hoy, frente a la principal potencia mundial, M\u00e9xico establece una relaci\u00f3n de corresponsabilidad entre iguales\u201d.<\/p>\n\n\n\n<p>El senador hizo especial hincapi\u00e9 en la creaci\u00f3n del Grupo de Implementaci\u00f3n de Alto Nivel, un mecanismo institucional de evaluaci\u00f3n que garantizar\u00e1 el seguimiento puntual de los compromisos y metas acordados, los cuales incluyen:<\/p>\n\n\n\n<p>\u00b7 Fortalecer la seguridad en la frontera compartida.<\/p>\n\n\n\n<p>\u00b7 Combatir de manera integral el tr\u00e1fico de fentanilo y otras drogas il\u00edcitas.<\/p>\n\n\n\n<p>\u00b7 Cortar de tajo el flujo ilegal de armas de alto poder hacia nuestro territorio.<\/p>\n\n\n\n<p>\u00b7 Eliminar t\u00faneles fronterizos clandestinos y abordar los flujos financieros il\u00edcitos.<\/p>\n\n\n\n<p>Desde el Senado de la Rep\u00fablica, finaliz\u00f3 el enador Morales Toledo, \u201cestaremos atentos para dar seguimiento a estas acciones.&nbsp;<\/p>\n\n\n\n<p>\u201cEstamos listos para analizar y debatir con seriedad las iniciativas que env\u00ede la Presidenta Claudia Sheinbaum para reforzar la seguridad nacional. Los resultados iniciales, como la reducci\u00f3n del 50% en incautaciones de fentanilo y la disminuci\u00f3n de la criminalidad, nos indican que vamos por el camino correcto: el del di\u00e1logo respetuoso, la cooperaci\u00f3n y el absoluto respeto a la soberan\u00eda nacional\u201d.<\/p>\n","protected":false},"excerpt":{"rendered":"<p>Redacci\u00f3n\/Zona Roja Cdmx. Ciudad de M\u00e9xico, a 4 de septiembre de 2025.-El Grupo Parlamentario de&hellip;<\/p>\n","protected":false},"author":2,"featured_media":84287,"comment_status":"closed","ping_status":"open","sticky":false,"template":"","format":"standard","meta":{"_lmt_disableupdate":"","_lmt_disable":"","_jetpack_memberships_contains_paid_content":false,"footnotes":""},"categories":[109,46],"tags":[180],"class_list":["post-84285","post","type-post","status-publish","format-standard","has-post-thumbnail","hentry","category-minuto-a-minuto","category-zona-blanca","tag-antonino-morales-toledo"],"jetpack_featured_media_url":"https:\/\/zonaroja.com.mx\/wp-content\/uploads\/2025\/09\/antonino-morales-toledo.jpeg","jetpack_sharing_enabled":true,"_links":{"self":[{"href":"https:\/\/zonaroja.com.mx\/index.php?rest_route=\/wp\/v2\/posts\/84285","targetHints":{"allow":["GET"]}}],"collection":[{"href":"https:\/\/zonaroja.com.mx\/index.php?rest_route=\/wp\/v2\/posts"}],"about":[{"href":"https:\/\/zonaroja.com.mx\/index.php?rest_route=\/wp\/v2\/types\/post"}],"author":[{"embeddable":true,"href":"https:\/\/zonaroja.com.mx\/index.php?rest_route=\/wp\/v2\/users\/2"}],"replies":[{"embeddable":true,"href":"https:\/\/zonaroja.com.mx\/index.php?rest_route=%2Fwp%2Fv2%2Fcomments&post=84285"}],"version-history":[{"count":1,"href":"https:\/\/zonaroja.com.mx\/index.php?rest_route=\/wp\/v2\/posts\/84285\/revisions"}],"predecessor-version":[{"id":84288,"href":"https:\/\/zonaroja.com.mx\/index.php?rest_route=\/wp\/v2\/posts\/84285\/revisions\/84288"}],"wp:featuredmedia":[{"embeddable":true,"href":"https:\/\/zonaroja.com.mx\/index.php?rest_route=\/wp\/v2\/media\/84287"}],"wp:attachment":[{"href":"https:\/\/zonaroja.com.mx\/index.php?rest_route=%2Fwp%2Fv2%2Fmedia&parent=84285"}],"wp:term":[{"taxonomy":"category","embeddable":true,"href":"https:\/\/zonaroja.com.mx\/index.php?rest_route=%2Fwp%2Fv2%2Fcategories&post=84285"},{"taxonomy":"post_tag","embeddable":true,"href":"https:\/\/zonaroja.com.mx\/index.php?rest_route=%2Fwp%2Fv2%2Ftags&post=84285"}],"curies":[{"name":"wp","href":"https:\/\/api.w.org\/{rel}","templated":true}]}}