{"id":84289,"date":"2025-09-04T21:11:03","date_gmt":"2025-09-05T03:11:03","guid":{"rendered":"https:\/\/zonaroja.com.mx\/?p=84289"},"modified":"2025-09-04T21:11:03","modified_gmt":"2025-09-05T03:11:03","slug":"llevaran-ante-comite-internacional-desaparicion-de-joven-en-oaxaca","status":"publish","type":"post","link":"https:\/\/zonaroja.com.mx\/?p=84289","title":{"rendered":"Llevar\u00e1n ante Comit\u00e9 Internacional desaparici\u00f3n de joven en Oaxaca&nbsp;"},"content":{"rendered":"\n<p>Lisbeth Mej\u00eda Reyes\/Zona Roja.&nbsp;<\/p>\n\n\n\n<p>Oaxaca, Oax., a 4 de septiembre de 2025.- \u00c9rick Jair fue desaparecido&nbsp;el 23 de junio&nbsp;de este a\u00f1o en el municipio de San Agust\u00edn de las Juntas.&nbsp;<\/p>\n\n\n\n<p>A m\u00e1s de dos meses, la familia y el activista Joaqu\u00edn Galv\u00e1n llevar\u00e1n el caso ante el Comit\u00e9 de Desaparici\u00f3n Forzada de la Organizaci\u00f3n de las Naciones Unidas (ONU), debido a la posible participaci\u00f3n de autoridades municipales de San Agust\u00edn de las Juntas.<\/p>\n\n\n\n<p>Tambi\u00e9n temen que el caso sea uno m\u00e1s tratado desde la perspectiva de criminalizaci\u00f3n hacia la v\u00edctima y su familia, as\u00ed como el riesgo a su integridad debido a los datos divulgados sobre este caso.<\/p>\n\n\n\n<p>Aunque la familia ha se\u00f1alado al padre de la novia de Erick como el probable responsable, por las amenazas que el joven recibi\u00f3 la noche de la desaparici\u00f3n, ahora tambi\u00e9n considera posibles nexos con las autoridades de San Agust\u00edn.<\/p>\n\n\n\n<p>\u00abDenunciamos tambi\u00e9n que&nbsp;de la noche&nbsp;de la desaparici\u00f3n solo se ha seguido el rastro de la unidad de motor concesionada al servicio p\u00fablico como colectivo local, que manejaba la v\u00edctima de la desaparici\u00f3n, siendo que de acuerdo a los videos de c\u00e1maras de seguridad presentadas por la misma familia se observa la participaci\u00f3n de una segunda y tercera unidad de motor, destac\u00e1ndose una unidad blanca donde la v\u00edctima pudo ser subida a la fuerza y de cuyo rastro no se ha efectuado un seguimiento de parte de autoridades\u00bb, expuso Galv\u00e1n, quien acompa\u00f1a el caso del joven de 21 a\u00f1os de edad.<\/p>\n\n\n\n<p>Este jueves, en conferencia de prensa afuera del Palacio de Gobierno, la familia y el activista se\u00f1alaron que tambi\u00e9n existe el temor de que el rastreo de las autoridades ministeriales del veh\u00edculo en que iba \u00c9rick y que se encontr\u00f3 en el paraje del \u201cMirador\u201d de San Lorenzo Albarradas \u00abhaya sido una estrategia distractora y disuasiva para ocultar el verdadero paradero de la v\u00edctima\u00bb.<\/p>\n\n\n\n<p>Asimismo, que a partir de la solicitud de una ruta de investigaci\u00f3n a la Fiscal\u00eda General del Estado de Oaxaca y de la Comisi\u00f3n Estatal de B\u00fasqueda para dar con los responsables, se tiene la hip\u00f3tesis de que el joven se encuentre en la regi\u00f3n de Valles Centrales.<\/p>\n\n\n\n<p>La familia y el activista se\u00f1alaron que el caso tom\u00f3 trascendencia porque la v\u00edctima fue objeto de amenazas por el padre de su novia la noche de su desaparici\u00f3n.<\/p>\n\n\n\n<p>El se\u00f1alado de la desaparici\u00f3n de \u00c9rick, identificado como G. C. E., es originario de San Juan Juquila Mixe \u00aby est\u00e1 potencialmente ligado con distintas modalidades de tr\u00e1fico en la regi\u00f3n Mixe y en los Valles Centrales, lo que ha llevado a la Fiscal\u00eda General del Estado y a la Comisi\u00f3n Estatal de B\u00fasqueda a seguir el rastro de \u00c9rick en esa zona\u00bb y de esa manera se obtuvieron indicios de que el veh\u00edculo estaba en la ruta que lleva a la comunidad de San Juan Juquila Mixe.<\/p>\n\n\n\n<p>\u00abQ pesar de ello, los indicios no han sido determinantes para dar con el paradero de \u00c9rik Jair P\u00e9rez Lim\u00f3n. Actualmente, la familia de la novia del desaparecido ya no se encuentra en sus domicilios de la ciudad de Oaxaca ni en la regi\u00f3n Mixe. Se han cateado los domicilios sin rastro alguno de la v\u00edctima\u00bb.<\/p>\n\n\n\n<p>El activista expuso que aun con esta informaci\u00f3n, la Fiscal\u00eda General del Estado solamente ha seguido una l\u00ednea de investigaci\u00f3n. Adem\u00e1s porque record\u00f3 que \u00abel d\u00eda 16 de abril, la v\u00edctima \u00c9rick Jair P\u00e9rez Lim\u00f3n y su familia, presentaron una denuncia contra particulares y polic\u00edas municipales de San Agust\u00edn de las Juntas por lesiones y tentativa de homicidio, pues en dicha fecha la familia de \u00c9rick Jair localiza a la v\u00edctima inconsciente y con evidentes signos de golpes y tortura en el basurero municipal de San Agust\u00edn de las Juntas, donde se vieron involucradas personas de poder econ\u00f3mico vinculadas con sindicatos violentos de transporte en la zona. A su vez, personas cercanas a las autoridades de San Agust\u00edn de las Juntas\u00bb.<\/p>\n","protected":false},"excerpt":{"rendered":"<p>Lisbeth Mej\u00eda Reyes\/Zona Roja.&nbsp; Oaxaca, Oax., a 4 de septiembre de 2025.- \u00c9rick Jair fue&hellip;<\/p>\n","protected":false},"author":2,"featured_media":84276,"comment_status":"closed","ping_status":"open","sticky":false,"template":"","format":"standard","meta":{"_lmt_disableupdate":"","_lmt_disable":"","_jetpack_memberships_contains_paid_content":false,"footnotes":""},"categories":[109,47],"tags":[],"class_list":["post-84289","post","type-post","status-publish","format-standard","has-post-thumbnail","hentry","category-minuto-a-minuto","category-zona-gris"],"jetpack_featured_media_url":"https:\/\/zonaroja.com.mx\/wp-content\/uploads\/2025\/09\/Familia-de-Erick-Jair-desaparecido-Oaxaca-San-Agustin-de-las-Juntas.jpg","jetpack_sharing_enabled":true,"_links":{"self":[{"href":"https:\/\/zonaroja.com.mx\/index.php?rest_route=\/wp\/v2\/posts\/84289","targetHints":{"allow":["GET"]}}],"collection":[{"href":"https:\/\/zonaroja.com.mx\/index.php?rest_route=\/wp\/v2\/posts"}],"about":[{"href":"https:\/\/zonaroja.com.mx\/index.php?rest_route=\/wp\/v2\/types\/post"}],"author":[{"embeddable":true,"href":"https:\/\/zonaroja.com.mx\/index.php?rest_route=\/wp\/v2\/users\/2"}],"replies":[{"embeddable":true,"href":"https:\/\/zonaroja.com.mx\/index.php?rest_route=%2Fwp%2Fv2%2Fcomments&post=84289"}],"version-history":[{"count":1,"href":"https:\/\/zonaroja.com.mx\/index.php?rest_route=\/wp\/v2\/posts\/84289\/revisions"}],"predecessor-version":[{"id":84290,"href":"https:\/\/zonaroja.com.mx\/index.php?rest_route=\/wp\/v2\/posts\/84289\/revisions\/84290"}],"wp:featuredmedia":[{"embeddable":true,"href":"https:\/\/zonaroja.com.mx\/index.php?rest_route=\/wp\/v2\/media\/84276"}],"wp:attachment":[{"href":"https:\/\/zonaroja.com.mx\/index.php?rest_route=%2Fwp%2Fv2%2Fmedia&parent=84289"}],"wp:term":[{"taxonomy":"category","embeddable":true,"href":"https:\/\/zonaroja.com.mx\/index.php?rest_route=%2Fwp%2Fv2%2Fcategories&post=84289"},{"taxonomy":"post_tag","embeddable":true,"href":"https:\/\/zonaroja.com.mx\/index.php?rest_route=%2Fwp%2Fv2%2Ftags&post=84289"}],"curies":[{"name":"wp","href":"https:\/\/api.w.org\/{rel}","templated":true}]}}