{"id":84291,"date":"2025-09-04T22:08:57","date_gmt":"2025-09-05T04:08:57","guid":{"rendered":"https:\/\/zonaroja.com.mx\/?p=84291"},"modified":"2025-09-04T22:08:59","modified_gmt":"2025-09-05T04:08:59","slug":"matan-a-balazos-un-adolescente-estudiante-en-huajuapan-de-leon","status":"publish","type":"post","link":"https:\/\/zonaroja.com.mx\/?p=84291","title":{"rendered":"Matan a balazos un adolescente estudiante en Huajuapan de Le\u00f3n"},"content":{"rendered":"\n<p>Ismael Garc\u00eda M.\/Zona Roja.<\/p>\n\n\n\n<p>Oaxaca, Oax., a 4 de agosto de 2025.- Un adolescente estudiante de bachillerato fue asesinado con disparos de arma de fuego este jueves en Huajuapan de Le\u00f3n.<\/p>\n\n\n\n<p>El crimen ocurri\u00f3 en un paraje de la localidad de Acatlima, perteneciente a dicho municipio de la regi\u00f3n Mixteca y el cuerpo fue localizado poco despu\u00e9s de las 16:00 horas.<\/p>\n\n\n\n<p>La Fiscal\u00eda General del Estado de Oaxaca (FGEO) inform\u00f3 que ya cuenta con l\u00edneas de investigaci\u00f3n que permiten establecer la identidad de los probables responsables de la comisi\u00f3n del delito de homicidio.<\/p>\n\n\n\n<p>Luego de recibir el reporte del hallazgo del cuerpo sin vida de un adolescente del sexo masculino, la Fiscal\u00eda de Oaxaca realiz\u00f3 una intervenci\u00f3n pronta, a trav\u00e9s de la Vicefiscal\u00eda Regional de la Mixteca, realizando los trabajos ministeriales que, de manera preliminar, hacen posible contar con la identidad del probable responsable de estos hechos.<\/p>\n\n\n\n<p>Adem\u00e1s, los primeros trabajos en ciencia forense que se realizaron en el lugar, revelaron que la v\u00edctima presentaba lesiones producidas por disparos de arma de fuego, en tanto, se llevan a cabo el resto de los trabajos periciales para fortalecer la investigaci\u00f3n, indic\u00f3 en un comunicado.<\/p>\n\n\n\n<p>El adolescente fue identificado de manera preliminar como V\u00edctor H., originario del municipio vecino de Santiago Huajolotitl\u00e1n y estudiante del plantel 08 del Colegio de Bachilleres del Estado de Oaxaca (Cobao).<\/p>\n","protected":false},"excerpt":{"rendered":"<p>Ismael Garc\u00eda M.\/Zona Roja. Oaxaca, Oax., a 4 de agosto de 2025.- Un adolescente estudiante&hellip;<\/p>\n","protected":false},"author":2,"featured_media":84292,"comment_status":"closed","ping_status":"open","sticky":false,"template":"","format":"standard","meta":{"_lmt_disableupdate":"","_lmt_disable":"","_jetpack_memberships_contains_paid_content":false,"footnotes":""},"categories":[109,51],"tags":[594],"class_list":["post-84291","post","type-post","status-publish","format-standard","has-post-thumbnail","hentry","category-minuto-a-minuto","category-zona-roja","tag-huajuapan-de-leon"],"jetpack_featured_media_url":"https:\/\/zonaroja.com.mx\/wp-content\/uploads\/2025\/09\/Estudiante-asesinado-Huajuapan-Cobao.jpeg","jetpack_sharing_enabled":true,"_links":{"self":[{"href":"https:\/\/zonaroja.com.mx\/index.php?rest_route=\/wp\/v2\/posts\/84291","targetHints":{"allow":["GET"]}}],"collection":[{"href":"https:\/\/zonaroja.com.mx\/index.php?rest_route=\/wp\/v2\/posts"}],"about":[{"href":"https:\/\/zonaroja.com.mx\/index.php?rest_route=\/wp\/v2\/types\/post"}],"author":[{"embeddable":true,"href":"https:\/\/zonaroja.com.mx\/index.php?rest_route=\/wp\/v2\/users\/2"}],"replies":[{"embeddable":true,"href":"https:\/\/zonaroja.com.mx\/index.php?rest_route=%2Fwp%2Fv2%2Fcomments&post=84291"}],"version-history":[{"count":1,"href":"https:\/\/zonaroja.com.mx\/index.php?rest_route=\/wp\/v2\/posts\/84291\/revisions"}],"predecessor-version":[{"id":84293,"href":"https:\/\/zonaroja.com.mx\/index.php?rest_route=\/wp\/v2\/posts\/84291\/revisions\/84293"}],"wp:featuredmedia":[{"embeddable":true,"href":"https:\/\/zonaroja.com.mx\/index.php?rest_route=\/wp\/v2\/media\/84292"}],"wp:attachment":[{"href":"https:\/\/zonaroja.com.mx\/index.php?rest_route=%2Fwp%2Fv2%2Fmedia&parent=84291"}],"wp:term":[{"taxonomy":"category","embeddable":true,"href":"https:\/\/zonaroja.com.mx\/index.php?rest_route=%2Fwp%2Fv2%2Fcategories&post=84291"},{"taxonomy":"post_tag","embeddable":true,"href":"https:\/\/zonaroja.com.mx\/index.php?rest_route=%2Fwp%2Fv2%2Ftags&post=84291"}],"curies":[{"name":"wp","href":"https:\/\/api.w.org\/{rel}","templated":true}]}}