{"id":84304,"date":"2025-09-05T09:15:00","date_gmt":"2025-09-05T15:15:00","guid":{"rendered":"https:\/\/zonaroja.com.mx\/?p=84304"},"modified":"2025-09-05T07:53:20","modified_gmt":"2025-09-05T13:53:20","slug":"vinculan-a-proceso-a-individuo-por-violencia-politica-contra-una-mujer","status":"publish","type":"post","link":"https:\/\/zonaroja.com.mx\/?p=84304","title":{"rendered":"Vinculan a proceso a individuo por violencia pol\u00edtica contra una mujer"},"content":{"rendered":"\n<p>Redacci\u00f3n\/Zona Roja.&nbsp;<\/p>\n\n\n\n<p>Oaxaca, Oax., a 5 de septiembre de 2025.- La Fiscal\u00eda General del Estado de Oaxaca (FGEO) obtuvo la vinculaci\u00f3n a proceso en contra de un hombre identificado como F.A.R., imputado por los delitos de Violencia Pol\u00edtica contra las Mujeres en Raz\u00f3n de G\u00e9nero y Delito Electoral, cometidos en el municipio de San Pedro Pochutla.<\/p>\n\n\n\n<p>De acuerdo con el expediente penal, los hechos ocurrieron en el marco del proceso electoral ordinario 2023\u20132024, cuando el imputado, de forma reiterada, habr\u00eda difundido informaci\u00f3n privada basada en estereotipos de g\u00e9nero e informaci\u00f3n falsa en torno a la Jornada Electoral a trav\u00e9s de medios electr\u00f3nicos y plataformas digitales; en dichas publicaciones, hizo alusi\u00f3n directa a la v\u00edctima menoscabando el ejercicio pleno de sus derechos pol\u00edticos-electorales.<\/p>\n\n\n\n<p>La instituci\u00f3n procuradora de justicia, a trav\u00e9s de la Fiscal\u00eda Especializada en Delitos Electorales (FEDE), present\u00f3 ante el Juez de la causa, los elementos suficientes que permitieron obtener la vinculaci\u00f3n a proceso a F.A.R., por los delitos de violencia pol\u00edtica contra las mujeres por raz\u00f3n de g\u00e9nero y delito electoral.<\/p>\n\n\n\n<p>PROFESOR PEDERASTA<\/p>\n\n\n\n<p>En otro caso, la Fiscal\u00eda General ejecut\u00f3 una orden de aprehensi\u00f3n en contra de una persona del sexo masculino identificada como R.G.A., profesor de una escuela primaria ubicada en la regi\u00f3n de la Mixteca, por el delito de pederastia agravada cometida en agravio de una menor de edad.<\/p>\n\n\n\n<p>De acuerdo con la causa penal, los hechos sucedieron el 11 de febrero de 2025, cuando la v\u00edctima (una ni\u00f1a cuya identidad est\u00e1 reservada por ley) se encontraba en instalaciones de una escuela primaria ubicada en el municipio de Santos Reyes Yucun\u00e1, distrito de Huajuapan, cuando sufri\u00f3 una agresi\u00f3n, conducta que, de acuerdo con el C\u00f3digo Penal Vigente en el Estado de Oaxaca, se configura como el delito de pederastia agravada.<\/p>\n\n\n\n<p>Derivado de la denuncia presentada, la Fiscal\u00eda General del Estado de Oaxaca -a trav\u00e9s de la Vicefiscal\u00eda Regional de la Mixteca- inici\u00f3 las investigaciones correspondientes, logrando ubicar y aprehender a R.G.A.<\/p>\n\n\n\n<p>Tras la detenci\u00f3n, R.G.A., fue presentado ante el Juez que lo requiri\u00f3 para determinar su situaci\u00f3n jur\u00eddica.<\/p>\n","protected":false},"excerpt":{"rendered":"<p>Redacci\u00f3n\/Zona Roja.&nbsp; Oaxaca, Oax., a 5 de septiembre de 2025.- La Fiscal\u00eda General del Estado&hellip;<\/p>\n","protected":false},"author":2,"featured_media":84298,"comment_status":"closed","ping_status":"open","sticky":false,"template":"","format":"standard","meta":{"_lmt_disableupdate":"","_lmt_disable":"","_jetpack_memberships_contains_paid_content":false,"footnotes":""},"categories":[109,46],"tags":[494],"class_list":["post-84304","post","type-post","status-publish","format-standard","has-post-thumbnail","hentry","category-minuto-a-minuto","category-zona-blanca","tag-fiscalia-general-del-estado-de-oaxaca"],"jetpack_featured_media_url":"https:\/\/zonaroja.com.mx\/wp-content\/uploads\/2025\/09\/Fiscalia-Delitos-Electorales-Oaxaca.jpeg","jetpack_sharing_enabled":true,"_links":{"self":[{"href":"https:\/\/zonaroja.com.mx\/index.php?rest_route=\/wp\/v2\/posts\/84304","targetHints":{"allow":["GET"]}}],"collection":[{"href":"https:\/\/zonaroja.com.mx\/index.php?rest_route=\/wp\/v2\/posts"}],"about":[{"href":"https:\/\/zonaroja.com.mx\/index.php?rest_route=\/wp\/v2\/types\/post"}],"author":[{"embeddable":true,"href":"https:\/\/zonaroja.com.mx\/index.php?rest_route=\/wp\/v2\/users\/2"}],"replies":[{"embeddable":true,"href":"https:\/\/zonaroja.com.mx\/index.php?rest_route=%2Fwp%2Fv2%2Fcomments&post=84304"}],"version-history":[{"count":1,"href":"https:\/\/zonaroja.com.mx\/index.php?rest_route=\/wp\/v2\/posts\/84304\/revisions"}],"predecessor-version":[{"id":84305,"href":"https:\/\/zonaroja.com.mx\/index.php?rest_route=\/wp\/v2\/posts\/84304\/revisions\/84305"}],"wp:featuredmedia":[{"embeddable":true,"href":"https:\/\/zonaroja.com.mx\/index.php?rest_route=\/wp\/v2\/media\/84298"}],"wp:attachment":[{"href":"https:\/\/zonaroja.com.mx\/index.php?rest_route=%2Fwp%2Fv2%2Fmedia&parent=84304"}],"wp:term":[{"taxonomy":"category","embeddable":true,"href":"https:\/\/zonaroja.com.mx\/index.php?rest_route=%2Fwp%2Fv2%2Fcategories&post=84304"},{"taxonomy":"post_tag","embeddable":true,"href":"https:\/\/zonaroja.com.mx\/index.php?rest_route=%2Fwp%2Fv2%2Ftags&post=84304"}],"curies":[{"name":"wp","href":"https:\/\/api.w.org\/{rel}","templated":true}]}}