{"id":84306,"date":"2025-09-05T08:16:09","date_gmt":"2025-09-05T14:16:09","guid":{"rendered":"https:\/\/zonaroja.com.mx\/?p=84306"},"modified":"2025-09-05T08:16:12","modified_gmt":"2025-09-05T14:16:12","slug":"indagan-crimenes-en-valles-centrales-y-costa-de-oaxaca","status":"publish","type":"post","link":"https:\/\/zonaroja.com.mx\/?p=84306","title":{"rendered":"Indagan cr\u00edmenes en Valles Centrales y Costa de Oaxaca"},"content":{"rendered":"\n<p>Raymundo Morales\/Zona Roja.<\/p>\n\n\n\n<p>Oaxaca, Oax., a 5 de septiembre de 2025.- Dos personas fueron asesinadas en las \u00faltimas horas en las regiones Valles Centrales y Costa de Oaxaca, casos que investiga la Fiscal\u00eda General del Estado.<\/p>\n\n\n\n<p>Uno de ellos se registr\u00f3 ayer en un inmueble de la calle Macedonio Alcal\u00e1 del municipio de San Pablo Huixtepec, distrito de Zimatl\u00e1n, donde fue hallada una persona sin vida, con varios impactos de arma de fuego y huellas de tortura.<\/p>\n\n\n\n<p>La v\u00edctima, a\u00fan no identificada, se hallaba tambi\u00e9n maniatada y envuelto en una bolsa, por lo que se presume una ejecuci\u00f3n.<\/p>\n\n\n\n<p>Por otra parte, el pasado domingo fue hallado un cuerpo sin vida, con huellas de tortura e impactos de bala, en jurisdicci\u00f3n de Pluma Hidalgo, municipio de la regi\u00f3n Costa.<\/p>\n\n\n\n<p>El hombre se hallaba semidesnudo y con algunos dedos de un pie y de una mano cortados.<\/p>\n\n\n\n<p>El cuerpo fue trasladado al descanso municipal y la Vicefiscal\u00eda Regional de la Costa contin\u00faa con las indagatorias; se presume que se trata de un individuo que d\u00edas atr\u00e1s fue reportado como desaparecido.<\/p>\n","protected":false},"excerpt":{"rendered":"<p>Raymundo Morales\/Zona Roja. Oaxaca, Oax., a 5 de septiembre de 2025.- Dos personas fueron asesinadas&hellip;<\/p>\n","protected":false},"author":2,"featured_media":65347,"comment_status":"closed","ping_status":"open","sticky":false,"template":"","format":"standard","meta":{"_lmt_disableupdate":"","_lmt_disable":"","_jetpack_memberships_contains_paid_content":false,"footnotes":""},"categories":[109,51],"tags":[2168],"class_list":["post-84306","post","type-post","status-publish","format-standard","has-post-thumbnail","hentry","category-minuto-a-minuto","category-zona-roja","tag-san-pablo-huixtepec"],"jetpack_featured_media_url":"https:\/\/zonaroja.com.mx\/wp-content\/uploads\/2024\/02\/Escena-asesinato-homicidio-crimen.jpeg.webp","jetpack_sharing_enabled":true,"_links":{"self":[{"href":"https:\/\/zonaroja.com.mx\/index.php?rest_route=\/wp\/v2\/posts\/84306","targetHints":{"allow":["GET"]}}],"collection":[{"href":"https:\/\/zonaroja.com.mx\/index.php?rest_route=\/wp\/v2\/posts"}],"about":[{"href":"https:\/\/zonaroja.com.mx\/index.php?rest_route=\/wp\/v2\/types\/post"}],"author":[{"embeddable":true,"href":"https:\/\/zonaroja.com.mx\/index.php?rest_route=\/wp\/v2\/users\/2"}],"replies":[{"embeddable":true,"href":"https:\/\/zonaroja.com.mx\/index.php?rest_route=%2Fwp%2Fv2%2Fcomments&post=84306"}],"version-history":[{"count":1,"href":"https:\/\/zonaroja.com.mx\/index.php?rest_route=\/wp\/v2\/posts\/84306\/revisions"}],"predecessor-version":[{"id":84307,"href":"https:\/\/zonaroja.com.mx\/index.php?rest_route=\/wp\/v2\/posts\/84306\/revisions\/84307"}],"wp:featuredmedia":[{"embeddable":true,"href":"https:\/\/zonaroja.com.mx\/index.php?rest_route=\/wp\/v2\/media\/65347"}],"wp:attachment":[{"href":"https:\/\/zonaroja.com.mx\/index.php?rest_route=%2Fwp%2Fv2%2Fmedia&parent=84306"}],"wp:term":[{"taxonomy":"category","embeddable":true,"href":"https:\/\/zonaroja.com.mx\/index.php?rest_route=%2Fwp%2Fv2%2Fcategories&post=84306"},{"taxonomy":"post_tag","embeddable":true,"href":"https:\/\/zonaroja.com.mx\/index.php?rest_route=%2Fwp%2Fv2%2Ftags&post=84306"}],"curies":[{"name":"wp","href":"https:\/\/api.w.org\/{rel}","templated":true}]}}