{"id":84310,"date":"2025-09-05T13:24:00","date_gmt":"2025-09-05T19:24:00","guid":{"rendered":"https:\/\/zonaroja.com.mx\/?p=84310"},"modified":"2025-09-05T08:25:29","modified_gmt":"2025-09-05T14:25:29","slug":"aprueban-en-campeche-ley-para-apropiarse-de-bienes-particulares","status":"publish","type":"post","link":"https:\/\/zonaroja.com.mx\/?p=84310","title":{"rendered":"Aprueban en Campeche ley para apropiarse de bienes particulares"},"content":{"rendered":"\n<p>Redacci\u00f3n\/Zona Roja Cdmx.<\/p>\n\n\n\n<p>Ciudad de M\u00e9xico, a 5 de septiembre de 2025.- Alejandro \u2018Alito\u2019 Moreno vuelve al centro del debate p\u00fablico, aunque esta vez no por sus enfrentamientos con Gerardo Fern\u00e1ndez Noro\u00f1a en el Senado, sino por la reciente aprobaci\u00f3n en Campeche de una ley que ha sido rebautizada con su nombre, pese a que fue impulsada y votada por legisladores de Morena.<\/p>\n\n\n\n<p>El jueves 4 de septiembre, el Congreso de Campeche aprob\u00f3 la reforma a la Ley de Expropiaciones y Limitaciones al Derecho de Propiedad, conocida medi\u00e1ticamente como \u201cLey Alito\u201d, con 18 votos a favor y 13 en contra.<\/p>\n\n\n\n<p>La iniciativa impulsada por la gobernadora Layda Sansores provoc\u00f3 una oleada de cr\u00edticas entre legisladores de la oposici\u00f3n, incluido el dirigente nacional del PRI, Alejandro Moreno, al considerar que vulnera derechos fundamentales vinculados a la propiedad privada y abre la puerta a un uso pol\u00edtico de las expropiaciones.<\/p>\n\n\n\n<p>La reforma a la Ley de Expropiaciones y Limitaciones al Derecho de Propiedad fue presentada como una actualizaci\u00f3n a una norma vigente desde 1981, con la intenci\u00f3n de alinearla con criterios federales y responder a necesidades relacionadas con infraestructura, vivienda social y crecimiento urbano.<\/p>\n\n\n\n<p>El nuevo marco otorga al gobierno estatal mayores atribuciones para declarar un predio como de utilidad p\u00fablica y proceder a su expropiaci\u00f3n en un plazo limitado, lo que ha generado inquietud entre diversos sectores pol\u00edticos y sociales.<\/p>\n\n\n\n<p>Los propietarios que resulten afectados dispondr\u00e1n \u00fanicamente de cinco d\u00edas h\u00e1biles para responder a la notificaci\u00f3n inicial de expropiaci\u00f3n.<\/p>\n\n\n\n<p>En caso de no hacerlo, podr\u00edan perder la posesi\u00f3n legal de sus terrenos. La ley excluye cualquier recurso administrativo, por lo que la \u00fanica v\u00eda de defensa legal es el juicio de amparo.<\/p>\n\n\n\n<p>La indemnizaci\u00f3n por expropiaci\u00f3n podr\u00e1 cubrirse en abonos durante un periodo de diez a\u00f1os, en contraste con el plazo m\u00e1ximo de 45 d\u00edas que establece la ley federal.<\/p>\n\n\n\n<p>El aval\u00fao se basar\u00e1 en la \u00faltima transacci\u00f3n del bien, sin considerar plusval\u00eda ni mejoras, lo que genera preocupaci\u00f3n por posibles pagos bajos a los propietarios.<\/p>\n\n\n\n<p>\u00bfES \u201cLEY ALITO\u201d?<\/p>\n\n\n\n<p>Aunque la oposici\u00f3n retom\u00f3 el nombre para criticarla, el apodo \u2018Ley Alito\u2019 surgi\u00f3 originalmente desde el propio bloque oficialista. Fue el diputado local de Morena, Carlos Uc\u00e1n, quien en tribuna relacion\u00f3 la reforma con Alejandro Moreno C\u00e1rdenas, exgobernador de Campeche y actual dirigente nacional del PRI.<\/p>\n\n\n\n<p>Carlos Uc\u00e1n afirm\u00f3 que la reforma permitir\u00eda al Estado recuperar terrenos que Alejandro Moreno habr\u00eda adquirido a precios \u00ednfimos, como aquellos comprados a 30 centavos el metro cuadrado, y sobre los que construy\u00f3 una residencia valuada en m\u00e1s de 300 millones de pesos.<\/p>\n\n\n\n<p>Por ello, el diputado de Campeche sostuvo que la nueva legislaci\u00f3n permitir\u00eda expropiar esos terrenos con fines de obra p\u00fablica y que, en teor\u00eda, la compensaci\u00f3n para Alejandro Moreno corresponder\u00eda al mismo precio que \u00e9l pag\u00f3 en su momento.<\/p>\n\n\n\n<p>La gobernadora Layda Sansores asegur\u00f3 que la reforma es una herramienta legal para detonar el desarrollo econ\u00f3mico en zonas estrat\u00e9gicas del estado. Tambi\u00e9n sostuvo que las expropiaciones no ser\u00e1n discrecionales, sino que responder\u00e1n a criterios t\u00e9cnicos y prioridades sociales.<\/p>\n\n\n\n<p>Alejandro Moreno, quien enfrenta un proceso de desafuero en su contra, critic\u00f3 con severidad la reforma y la calific\u00f3 como un acto de autoritarismo por parte de Layda Sansores y Morena. Compar\u00f3 la iniciativa con mecanismos aplicados en reg\u00edmenes como el de Hugo Ch\u00e1vez en Venezuela.<\/p>\n\n\n\n<p>Afirm\u00f3 que la ley est\u00e1 dise\u00f1ada para intimidar, despojar e intervenir pol\u00edticamente en el patrimonio de quienes no comparten la ideolog\u00eda del gobierno. \u201cEsa ley grotesca es el rostro autoritario de Morena. Intenta intimidar a los ciudadanos y expropiar sus casas, como en Venezuela\u201d, declar\u00f3 el senador priista.<\/p>\n\n\n\n<p>(Informaci\u00f3n de \u201cEl Financiero\u201d)<\/p>\n","protected":false},"excerpt":{"rendered":"<p>Redacci\u00f3n\/Zona Roja Cdmx. Ciudad de M\u00e9xico, a 5 de septiembre de 2025.- Alejandro \u2018Alito\u2019 Moreno&hellip;<\/p>\n","protected":false},"author":2,"featured_media":77929,"comment_status":"closed","ping_status":"open","sticky":false,"template":"","format":"standard","meta":{"_lmt_disableupdate":"","_lmt_disable":"","_jetpack_memberships_contains_paid_content":false,"footnotes":""},"categories":[109,47],"tags":[3430],"class_list":["post-84310","post","type-post","status-publish","format-standard","has-post-thumbnail","hentry","category-minuto-a-minuto","category-zona-gris","tag-layda-sansores-campeche"],"jetpack_featured_media_url":"https:\/\/zonaroja.com.mx\/wp-content\/uploads\/2025\/02\/Layda-Sansores-aristocrata.jpg.avif","jetpack_sharing_enabled":true,"_links":{"self":[{"href":"https:\/\/zonaroja.com.mx\/index.php?rest_route=\/wp\/v2\/posts\/84310","targetHints":{"allow":["GET"]}}],"collection":[{"href":"https:\/\/zonaroja.com.mx\/index.php?rest_route=\/wp\/v2\/posts"}],"about":[{"href":"https:\/\/zonaroja.com.mx\/index.php?rest_route=\/wp\/v2\/types\/post"}],"author":[{"embeddable":true,"href":"https:\/\/zonaroja.com.mx\/index.php?rest_route=\/wp\/v2\/users\/2"}],"replies":[{"embeddable":true,"href":"https:\/\/zonaroja.com.mx\/index.php?rest_route=%2Fwp%2Fv2%2Fcomments&post=84310"}],"version-history":[{"count":1,"href":"https:\/\/zonaroja.com.mx\/index.php?rest_route=\/wp\/v2\/posts\/84310\/revisions"}],"predecessor-version":[{"id":84311,"href":"https:\/\/zonaroja.com.mx\/index.php?rest_route=\/wp\/v2\/posts\/84310\/revisions\/84311"}],"wp:featuredmedia":[{"embeddable":true,"href":"https:\/\/zonaroja.com.mx\/index.php?rest_route=\/wp\/v2\/media\/77929"}],"wp:attachment":[{"href":"https:\/\/zonaroja.com.mx\/index.php?rest_route=%2Fwp%2Fv2%2Fmedia&parent=84310"}],"wp:term":[{"taxonomy":"category","embeddable":true,"href":"https:\/\/zonaroja.com.mx\/index.php?rest_route=%2Fwp%2Fv2%2Fcategories&post=84310"},{"taxonomy":"post_tag","embeddable":true,"href":"https:\/\/zonaroja.com.mx\/index.php?rest_route=%2Fwp%2Fv2%2Ftags&post=84310"}],"curies":[{"name":"wp","href":"https:\/\/api.w.org\/{rel}","templated":true}]}}