{"id":84314,"date":"2025-09-05T19:46:24","date_gmt":"2025-09-06T01:46:24","guid":{"rendered":"https:\/\/zonaroja.com.mx\/?p=84314"},"modified":"2025-09-05T19:46:26","modified_gmt":"2025-09-06T01:46:26","slug":"banda-de-musica-mixe-kaux-llega-a-los-pinos","status":"publish","type":"post","link":"https:\/\/zonaroja.com.mx\/?p=84314","title":{"rendered":"Banda de m\u00fasica Mixe \u201cKa\u2019ux\u201d llega a Los Pinos\u00a0"},"content":{"rendered":"\n<p>Redacci\u00f3n\/Zona Roja Cdmx.<\/p>\n\n\n\n<p>Ciudad de M\u00e9xico, a 5 de septiembre de 2025.- La banda femenil mixe \u201cKa\u2019ux\u201d esper\u00f3 dos d\u00e9cadas para llegar al mayor escenario de la m\u00fasica en M\u00e9xico, el Palacio de Bellas Artes, junto con otras cinco agrupaciones musicales ind\u00edgenas integradas en su totalidad por mujeres, que se presentar\u00e1n en un \u00fanico concierto este s\u00e1bado 6 de septiembre.<\/p>\n\n\n\n<p>Concepci\u00f3n Hern\u00e1ndez, fundadora del ensamble de 25 mujeres, ni\u00f1as y adultas, cuenta que el grupo naci\u00f3 en 2006 en la comunidad serrana mixe de Santa Mar\u00eda Tlahuitoltepec y tuvo diferentes nombres hasta que en 2014 adopt\u00f3 el de banda femenil \u201cKa\u2019ux\u201d, con el que se presentar\u00e1 en el concierto \u201cPor donde pasa la luna\u201d, en el que participar\u00e1n orquestas tambi\u00e9n de los pueblos totonaco, chontal, nahua y seri.<\/p>\n\n\n\n<p>\u201c\u2018Ka\u2019ux\u2019 llevar\u00e1 al concierto en Palacio de Bellas Artes a mujeres desde ocho hasta 62 a\u00f1os de edad. Hemos tenido alumnas en la banda desde ni\u00f1as, la m\u00e1s peque\u00f1a empez\u00f3 con nosotras a conocer las notas musicales desde los cinco a\u00f1os y ahora tiene 8, ella estar\u00e1 en el concierto\u201d, comenta Hern\u00e1ndez a MILENIO.<\/p>\n\n\n\n<p>Hern\u00e1ndez agrega que la orquesta se ha consolidado en su comunidad como un espacio para muchas mujeres, incluso que se casaban, se convert\u00edan en madres y ya no pod\u00edan aspirar a una carrera musical.<\/p>\n\n\n\n<p>El concierto \u201cPor donde pasa la luna\u201d se llevar\u00e1 a cabo el s\u00e1bado 6 de septiembre en el Palacio de Bellas Artes en el contexto de la conmemoraci\u00f3n del A\u00f1o de la Mujer Ind\u00edgena y por primera vez en su historia, ese recinto acoger\u00e1 una celebraci\u00f3n art\u00edstica de ni\u00f1as y mujeres ind\u00edgenas, representantes de cinco pueblos originarios, con el prop\u00f3sito de enaltecer la riqueza cultural y ling\u00fc\u00edstica, la diversidad y la lucha de las mujeres por conquistar espacios y libertades en el arte y la m\u00fasica.<\/p>\n\n\n\n<p>En la presentaci\u00f3n \u00fanica, que se iniciar\u00e1 a partir de las 19:00 horas, participar\u00e1n la Banda Femenil \u201cKa\u2019ux\u201d (mixe), de Santa Mar\u00eda Tlahuitoltepec, Oaxaca; el Colectivo de Mujeres Comc\u00e1ac Cmaam Icaheme (seri), de Punta Chueca, Sonora; el Ensamble Tradicional Comunitario de Marimbas Manglares de Centla (totonaco), de Villahermosa, Tabasco; el Ensamble Tradicional Comunitario de Son Huasteco C\u00e1ntaros de Sol (chontal), de Zozocolco, Veracruz; y el Tr\u00edo Eyixochitl (Nahua), de Huautla, Hidalgo.<\/p>\n\n\n\n<p>La flautista principal de la Orquesta Sinf\u00f3nica del Instituto Polit\u00e9cnico Nacional, Concepci\u00f3n Hern\u00e1ndez, es apoyada por sus hermanas Luc\u00eda Paula e Imelda en la formaci\u00f3n acad\u00e9mica de las mujeres de \u201cKa\u2019ux\u201d, en instrumentos como flauta, clarinete, saxof\u00f3n alto y tenor, trompeta, tromb\u00f3n, tuba y percusiones.<\/p>\n\n\n\n<p>\u201cEn \u2018Ka\u2019ux\u2019 ya estamos dando clases. Mi hermana Luc\u00eda Paula es la encargada de dar solfeo a las ni\u00f1as que de plano no tienen conocimientos musicales. Yo me encargo tambi\u00e9n de los ensayos, cuando mi trabajo en la Sinf\u00f3nica del IPN me lo permite. Pero cuando no, quedan a cargo mis hermanas\u201d, explica.<\/p>\n\n\n\n<p>Concepci\u00f3n Hern\u00e1ndez comenz\u00f3 sus estudios de m\u00fasica a los ocho a\u00f1os en el Centro de Capacitaci\u00f3n Musical y Desarrollo de la Cultura Mixe (Cecam) en Santa Mar\u00eda Tlahuitoltepec, pero tuvo que migrar despu\u00e9s a Ciudad de M\u00e9xico para poder continuar sus estudios en la escuela de m\u00fasica Ollin Yoliztli.<\/p>\n\n\n\n<p>M\u00e1s informaci\u00f3n de \u201cMilenio\u201d:<\/p>\n\n\n\n<figure class=\"wp-block-embed\"><div class=\"wp-block-embed__wrapper\">\nhttps:\/\/www.milenio.com\/cultura\/bandas-musicales-mujeres-indigenas-llegan-bellas-artes\n<\/div><\/figure>\n","protected":false},"excerpt":{"rendered":"<p>Redacci\u00f3n\/Zona Roja Cdmx. Ciudad de M\u00e9xico, a 5 de septiembre de 2025.- La banda femenil&hellip;<\/p>\n","protected":false},"author":2,"featured_media":84315,"comment_status":"closed","ping_status":"open","sticky":false,"template":"","format":"standard","meta":{"_lmt_disableupdate":"","_lmt_disable":"","_jetpack_memberships_contains_paid_content":false,"footnotes":""},"categories":[109,46],"tags":[4432],"class_list":["post-84314","post","type-post","status-publish","format-standard","has-post-thumbnail","hentry","category-minuto-a-minuto","category-zona-blanca","tag-banda-de-musica-mixe-kaux"],"jetpack_featured_media_url":"https:\/\/zonaroja.com.mx\/wp-content\/uploads\/2025\/09\/banda-femenil-mixe-ka-ux.jpg.webp","jetpack_sharing_enabled":true,"_links":{"self":[{"href":"https:\/\/zonaroja.com.mx\/index.php?rest_route=\/wp\/v2\/posts\/84314","targetHints":{"allow":["GET"]}}],"collection":[{"href":"https:\/\/zonaroja.com.mx\/index.php?rest_route=\/wp\/v2\/posts"}],"about":[{"href":"https:\/\/zonaroja.com.mx\/index.php?rest_route=\/wp\/v2\/types\/post"}],"author":[{"embeddable":true,"href":"https:\/\/zonaroja.com.mx\/index.php?rest_route=\/wp\/v2\/users\/2"}],"replies":[{"embeddable":true,"href":"https:\/\/zonaroja.com.mx\/index.php?rest_route=%2Fwp%2Fv2%2Fcomments&post=84314"}],"version-history":[{"count":1,"href":"https:\/\/zonaroja.com.mx\/index.php?rest_route=\/wp\/v2\/posts\/84314\/revisions"}],"predecessor-version":[{"id":84316,"href":"https:\/\/zonaroja.com.mx\/index.php?rest_route=\/wp\/v2\/posts\/84314\/revisions\/84316"}],"wp:featuredmedia":[{"embeddable":true,"href":"https:\/\/zonaroja.com.mx\/index.php?rest_route=\/wp\/v2\/media\/84315"}],"wp:attachment":[{"href":"https:\/\/zonaroja.com.mx\/index.php?rest_route=%2Fwp%2Fv2%2Fmedia&parent=84314"}],"wp:term":[{"taxonomy":"category","embeddable":true,"href":"https:\/\/zonaroja.com.mx\/index.php?rest_route=%2Fwp%2Fv2%2Fcategories&post=84314"},{"taxonomy":"post_tag","embeddable":true,"href":"https:\/\/zonaroja.com.mx\/index.php?rest_route=%2Fwp%2Fv2%2Ftags&post=84314"}],"curies":[{"name":"wp","href":"https:\/\/api.w.org\/{rel}","templated":true}]}}