{"id":84317,"date":"2025-09-05T20:48:07","date_gmt":"2025-09-06T02:48:07","guid":{"rendered":"https:\/\/zonaroja.com.mx\/?p=84317"},"modified":"2025-09-05T20:57:03","modified_gmt":"2025-09-06T02:57:03","slug":"padres-y-madres-cumplen-cinco-dias-en-huelga-en-secundaria-de-huajuapan","status":"publish","type":"post","link":"https:\/\/zonaroja.com.mx\/?p=84317","title":{"rendered":"Padres y madres cumplen cinco d\u00edas en huelga en secundaria de Huajuapan"},"content":{"rendered":"\n<p>Lisbeth Mej\u00eda Reyes\/Zona Roja. Foto: La Grandiosa. <\/p>\n\n\n\n<p>Oaxaca, Oax., a 5 de septiembre de 2025.- La huelga de hambre y \u201ctoma\u201d de las instalaciones de la Escuela Secundaria para Trabajadores \u00abRicardo Flores Mag\u00f3n\u00bb, en Huajuapan de Le\u00f3n, cumpli\u00f3 este viernes cinco d\u00edas sin que se vislumbren soluciones al conflicto interno y a la demanda del comit\u00e9 de padres de familia.<\/p>\n\n\n\n<p>Desde el pasado lunes 1 de septiembre, el comit\u00e9 de padres, que encabeza Juana Delfina Osorio Mata, inici\u00f3 una huelga de hambre, despu\u00e9s de una serie de protestas para exigir a las autoridades de los tres \u00f3rdenes de gobierno y a la Secci\u00f3n 22 la remoci\u00f3n del director y todos los docentes, debido a presuntas irregularidades que afectan la educaci\u00f3n de sus hijos.<\/p>\n\n\n\n<p>El llamado tambi\u00e9n lo hicieron a la presidenta Claudia Sheinbaum Pardo y a organismos de derechos humanos, pero principalmente al Instituto Estatal de Educaci\u00f3n P\u00fablica de Oaxaca (IEEPO) y al presidente municipal, Luis de Le\u00f3n Mart\u00ednez. Sin embargo, hasta el momento no ha habido respuesta favorable a sus demandas.<\/p>\n\n\n\n<p>\u00abHacemos responsables directos por nuestra vida y salud al director del IEEPO, licenciado Emilio Montero L\u00f3pez, y a la dirigencia de la Secci\u00f3n 22 de la CNTE, encabezada por la profesora Yenny Araceli P\u00e9rez Mart\u00ednez\u00bb, se\u00f1al\u00f3 una de las madres de familia en un video de \u00e9ste viernes, en el que se observa a al menos otros cinco madres y padres en protesta.<\/p>\n\n\n\n<p>En el video, la tutora denuncio que el gobierno ha enviado a representantes sin soluciones reales, \u00ab\u00fanicamente a tomarse la foto mientras nuestra dignidad y derechos son ignorados\u00bb. Por esto, exigieron la intervenci\u00f3n inmediata de las autoridades educativas para garantizar los derechos de estudiantes y sin represalias.<\/p>\n\n\n\n<p>Tambi\u00e9n solicitaron la atenci\u00f3n de organismos nacionales e internacionales de derechos humanos, el apoyo de organizaciones sociales e instituciones religiosas, para asegurar que haya justicia y respeto. Al gobierno estatal le pidieron \u00absensibilidad y humanidad\u00bb para que se cumpla el derecho a una educaci\u00f3n segura y digna de sus hijas e hijos.<\/p>\n\n\n\n<p>La protesta del comit\u00e9 inici\u00f3 el 26 de agosto con un bloqueo en la carretera federal 190 Oaxaca -Huajuapan, a la altura de Tezoatl\u00e1n de Segura y Luna.<\/p>\n\n\n\n<p>D\u00edas despu\u00e9s, el 29 de agosto, docentes del Centro de Trabajo Sindical 188 de la Escuela Secundaria y padres y madres de familia fueron amenazados con un arma de fuego por parte de un sujeto al que identificaron como parte de una organizaci\u00f3n de taxistas y presuntamente ligados al comit\u00e9 de padres.&nbsp;<\/p>\n\n\n\n<p>La Secci\u00f3n 22 del Sindicato Nacional de Trabajadores de la Educaci\u00f3n se pronunci\u00f3 en un comunicado para respaldar a sus compa\u00f1eras y denunciar la agresi\u00f3n.<\/p>\n\n\n\n<figure class=\"wp-block-embed is-type-rich is-provider-twitter wp-block-embed-twitter\"><div class=\"wp-block-embed__wrapper\">\n<div class=\"twitter-tweet\"><blockquote class=\"twitter-tweet\" data-lang=\"es\"><p lang=\"es\" dir=\"ltr\">\u00bfY por qu\u00e9 nadie resuelve el conflicto en la secundaria para Trabajadores \u201cRicardo Flores Mag\u00f3n\u201d de Huajuapan de Le\u00f3n?<br><br>\u00bfY el titular del <a href=\"https:\/\/twitter.com\/IEEPOGobOax?ref_src=twsrc%5Etfw\">@IEEPOGobOax<\/a>, <a href=\"https:\/\/twitter.com\/EMILIOMONTEROP?ref_src=twsrc%5Etfw\">@emiliomonterop<\/a>?<br><br>\u00a1Cinco d\u00edas de huelga de hambre de padres de familia! <a href=\"https:\/\/t.co\/6xdAOwIr8i\">pic.twitter.com\/6xdAOwIr8i<\/a><\/p>&mdash; Zona Roja Oaxaca (@ZonaRoja_Oaxaca) <a href=\"https:\/\/twitter.com\/ZonaRoja_Oaxaca\/status\/1964081635969597695?ref_src=twsrc%5Etfw\">5 de septiembre de 2025<\/a><\/blockquote><\/div>\n<\/div><\/figure>\n","protected":false},"excerpt":{"rendered":"<p>Lisbeth Mej\u00eda Reyes\/Zona Roja. Foto: La Grandiosa. Oaxaca, Oax., a 5 de septiembre de 2025.-&hellip;<\/p>\n","protected":false},"author":2,"featured_media":84318,"comment_status":"closed","ping_status":"open","sticky":false,"template":"","format":"standard","meta":{"_lmt_disableupdate":"","_lmt_disable":"","_jetpack_memberships_contains_paid_content":false,"footnotes":""},"categories":[109,47],"tags":[4433],"class_list":["post-84317","post","type-post","status-publish","format-standard","has-post-thumbnail","hentry","category-minuto-a-minuto","category-zona-gris","tag-escuela-secundaria-huajuapan"],"jetpack_featured_media_url":"https:\/\/zonaroja.com.mx\/wp-content\/uploads\/2025\/09\/Huelga-secundaria-trabajadores-Huajuapan.jpg","jetpack_sharing_enabled":true,"_links":{"self":[{"href":"https:\/\/zonaroja.com.mx\/index.php?rest_route=\/wp\/v2\/posts\/84317","targetHints":{"allow":["GET"]}}],"collection":[{"href":"https:\/\/zonaroja.com.mx\/index.php?rest_route=\/wp\/v2\/posts"}],"about":[{"href":"https:\/\/zonaroja.com.mx\/index.php?rest_route=\/wp\/v2\/types\/post"}],"author":[{"embeddable":true,"href":"https:\/\/zonaroja.com.mx\/index.php?rest_route=\/wp\/v2\/users\/2"}],"replies":[{"embeddable":true,"href":"https:\/\/zonaroja.com.mx\/index.php?rest_route=%2Fwp%2Fv2%2Fcomments&post=84317"}],"version-history":[{"count":2,"href":"https:\/\/zonaroja.com.mx\/index.php?rest_route=\/wp\/v2\/posts\/84317\/revisions"}],"predecessor-version":[{"id":84320,"href":"https:\/\/zonaroja.com.mx\/index.php?rest_route=\/wp\/v2\/posts\/84317\/revisions\/84320"}],"wp:featuredmedia":[{"embeddable":true,"href":"https:\/\/zonaroja.com.mx\/index.php?rest_route=\/wp\/v2\/media\/84318"}],"wp:attachment":[{"href":"https:\/\/zonaroja.com.mx\/index.php?rest_route=%2Fwp%2Fv2%2Fmedia&parent=84317"}],"wp:term":[{"taxonomy":"category","embeddable":true,"href":"https:\/\/zonaroja.com.mx\/index.php?rest_route=%2Fwp%2Fv2%2Fcategories&post=84317"},{"taxonomy":"post_tag","embeddable":true,"href":"https:\/\/zonaroja.com.mx\/index.php?rest_route=%2Fwp%2Fv2%2Ftags&post=84317"}],"curies":[{"name":"wp","href":"https:\/\/api.w.org\/{rel}","templated":true}]}}