{"id":84321,"date":"2025-09-05T21:47:40","date_gmt":"2025-09-06T03:47:40","guid":{"rendered":"https:\/\/zonaroja.com.mx\/?p=84321"},"modified":"2025-09-05T21:47:43","modified_gmt":"2025-09-06T03:47:43","slug":"irrumpen-organizaciones-sociales-con-violencia-sede-del-ieepco","status":"publish","type":"post","link":"https:\/\/zonaroja.com.mx\/?p=84321","title":{"rendered":"Irrumpen organizaciones sociales con violencia sede del IEEPCO\u00a0"},"content":{"rendered":"\n<p>Raymundo Morales\/Zona Roja.<\/p>\n\n\n\n<p>Oaxaca, Oax., a 5 de septiembre de 2025.- Organizaciones sociales que respaldan a familiares de las v\u00edctimas de Huazantl\u00e1n del R\u00edo, vandalizaron oficinas del Instituto Estatal Electoral y de Participaci\u00f3n Ciudadana de Oaxaca (IEEPCO).<\/p>\n\n\n\n<p>Lo anterior tras reclamar justicia a la presidenta del \u00f3rgano, Elizabeth S\u00e1nchez Gonz\u00e1lez, quien lleg\u00f3 a dialogar con los manifestantes en la sede ubicada en la calle Gardenias de la colonia Reforma y explicarles que no es la instancia indicada para el caso que reclaman.<\/p>\n\n\n\n<p>Las organizaciones como MAS, UACOL, Comit\u00e9 de V\u00edctimas y Familiares Ikoots, apoyadas por el empresario Jorge Arroyo, arribaron a las oficinas del IEEPCO para efectuar un mitin.<\/p>\n\n\n\n<p>Presuntamente porque ah\u00ed se realizar\u00eda un conservatorio en que estar\u00eda como invitado el presidente municipal de San Mateo del Mar, Ra\u00fal Rangel Gonz\u00e1lez, a quien acusan de ser uno de los autores de la masacre de 15 personas, ocurrida hace cinco a\u00f1os en Huazantl\u00e1n del R\u00edo.<\/p>\n\n\n\n<p>Al iniciar la actividad, arrib\u00f3 la presidenta del IEEPCO, S\u00e1nchez Gonz\u00e1lez, quien les ofreci\u00f3 una mesa de trabajo para escuchar sus demandas; sin embargo, fue interrumpida en varias ocasiones cuando planteaba el di\u00e1logo.<\/p>\n\n\n\n<p>Al final, decidi\u00f3 retirarse pero en respuesta a ello, las organizaciones sociales la agredieron verbalmente. Luego de ello, pintarrajearon el inmueble.<\/p>\n\n\n\n<p>En un comunicado, el Instituto Estatal Electoral reiter\u00f3 su compromiso con el di\u00e1logo, la paz y el respeto a los derechos fundamentales de las comunidades y pueblos ind\u00edgenas.<\/p>\n\n\n\n<p>Lament\u00f3 que un grupo de personas que se identificaron como integrantes del Comit\u00e9 de V\u00edctimas y Familiares de San Mateo del Mar irrumpi\u00f3 de manera violenta en las instalaciones del Instituto, con la intenci\u00f3n de impedir la&nbsp; realizaci\u00f3n de un foro.<\/p>\n\n\n\n<p>\u201cEstas personas causaron da\u00f1os materiales en tres edificios del IEEPCO y afectaron la participaci\u00f3n de autoridades municipales invitadas. Cabe destacar que la autoridad municipal contra la que manifestaban su inconformidad (de San Mateo del Mar) no se encontraba presente en el evento.<\/p>\n\n\n\n<p>\u201cEstos actos violentos no solo atentan contra la integridad f\u00edsica del personal y las personas asistentes, sino que vulneran el derecho de las autoridades municipales, comunitarias y de la ciudadan\u00eda en general a participar en espacios de di\u00e1logo y reflexi\u00f3n, esenciales para el fortalecimiento de la democracia y la vida comunitaria\u201d, destac\u00f3.<\/p>\n\n\n\n<p>Sostuvo que el IEEPCO rechaza cualquier forma de violencia como m\u00e9todo de expresi\u00f3n o presi\u00f3n pol\u00edtica, y reafirm\u00f3 su compromiso con la resoluci\u00f3n pac\u00edfica de conflictos mediante el di\u00e1logo, la escucha y el entendimiento.<\/p>\n","protected":false},"excerpt":{"rendered":"<p>Raymundo Morales\/Zona Roja. Oaxaca, Oax., a 5 de septiembre de 2025.- Organizaciones sociales que respaldan&hellip;<\/p>\n","protected":false},"author":2,"featured_media":84322,"comment_status":"closed","ping_status":"open","sticky":false,"template":"","format":"standard","meta":{"_lmt_disableupdate":"","_lmt_disable":"","_jetpack_memberships_contains_paid_content":false,"footnotes":""},"categories":[109,47],"tags":[1656],"class_list":["post-84321","post","type-post","status-publish","format-standard","has-post-thumbnail","hentry","category-minuto-a-minuto","category-zona-gris","tag-huazantlan-del-rio"],"jetpack_featured_media_url":"https:\/\/zonaroja.com.mx\/wp-content\/uploads\/2025\/09\/Protesta-organizaciones-Huazantlan.jpg","jetpack_sharing_enabled":true,"_links":{"self":[{"href":"https:\/\/zonaroja.com.mx\/index.php?rest_route=\/wp\/v2\/posts\/84321","targetHints":{"allow":["GET"]}}],"collection":[{"href":"https:\/\/zonaroja.com.mx\/index.php?rest_route=\/wp\/v2\/posts"}],"about":[{"href":"https:\/\/zonaroja.com.mx\/index.php?rest_route=\/wp\/v2\/types\/post"}],"author":[{"embeddable":true,"href":"https:\/\/zonaroja.com.mx\/index.php?rest_route=\/wp\/v2\/users\/2"}],"replies":[{"embeddable":true,"href":"https:\/\/zonaroja.com.mx\/index.php?rest_route=%2Fwp%2Fv2%2Fcomments&post=84321"}],"version-history":[{"count":1,"href":"https:\/\/zonaroja.com.mx\/index.php?rest_route=\/wp\/v2\/posts\/84321\/revisions"}],"predecessor-version":[{"id":84323,"href":"https:\/\/zonaroja.com.mx\/index.php?rest_route=\/wp\/v2\/posts\/84321\/revisions\/84323"}],"wp:featuredmedia":[{"embeddable":true,"href":"https:\/\/zonaroja.com.mx\/index.php?rest_route=\/wp\/v2\/media\/84322"}],"wp:attachment":[{"href":"https:\/\/zonaroja.com.mx\/index.php?rest_route=%2Fwp%2Fv2%2Fmedia&parent=84321"}],"wp:term":[{"taxonomy":"category","embeddable":true,"href":"https:\/\/zonaroja.com.mx\/index.php?rest_route=%2Fwp%2Fv2%2Fcategories&post=84321"},{"taxonomy":"post_tag","embeddable":true,"href":"https:\/\/zonaroja.com.mx\/index.php?rest_route=%2Fwp%2Fv2%2Ftags&post=84321"}],"curies":[{"name":"wp","href":"https:\/\/api.w.org\/{rel}","templated":true}]}}