{"id":84324,"date":"2025-09-06T07:41:00","date_gmt":"2025-09-06T13:41:00","guid":{"rendered":"https:\/\/zonaroja.com.mx\/?p=84324"},"modified":"2025-09-06T06:44:02","modified_gmt":"2025-09-06T12:44:02","slug":"santa-cruz-xoxocotlan-sera-sede-del-arranque-de-oaxaca-impulsa-2025","status":"publish","type":"post","link":"https:\/\/zonaroja.com.mx\/?p=84324","title":{"rendered":"Santa Cruz Xoxocotl\u00e1n ser\u00e1 sede del arranque de Oaxaca Impulsa 2025"},"content":{"rendered":"\n<p>Redacci\u00f3n\/Zona Roja.&nbsp;<\/p>\n\n\n\n<p>Oaxaca, Oax., a 5 de septiembre de 2025\u2013 El pr\u00f3ximo 10 de septiembre, Santa Cruz Xoxocotl\u00e1n ser\u00e1 sede del arranque de Oaxaca Impulsa 2025, programa de la Secretar\u00eda de Desarrollo Econ\u00f3mico del Gobierno del Estado en colaboraci\u00f3n con el gobierno municipal, cuyo prop\u00f3sito es detonar el crecimiento econ\u00f3mico desde lo local.&nbsp;&nbsp;<\/p>\n\n\n\n<p>En conferencia de prensa de ayer, la presidenta municipal, Nancy Ben\u00edtez Z\u00e1rate, destac\u00f3 que este esfuerzo representa una oportunidad largamente esperada por productores, comerciantes, cocineras tradicionales y artesanos del municipio.<\/p>\n\n\n\n<p>\u201cNuestro municipio se siente muy orgulloso de ser sede de este programa y de contar con la presencia del gobernador Salom\u00f3n Jara Cruz. Gracias a esta iniciativa, nuestros emprendedores encontrar\u00e1n fortalecimiento para su econom\u00eda, financiamiento y capacitaci\u00f3n que tanto han buscado\u201d, afirm\u00f3.&nbsp;<\/p>\n\n\n\n<p>En cada sede se instalar\u00e1n m\u00f3dulos de atenci\u00f3n, talleres de capacitaci\u00f3n gratuita y mesas de negocios con compradores especializados. Adem\u00e1s, se contar\u00e1 con aliados estrat\u00e9gicos como el SAT, instituciones financieras, organismos privados y programas federales como J\u00f3venes Construyendo el Futuro y Mi Primera Chamba.&nbsp;<\/p>\n\n\n\n<p>POR LA NI\u00d1EZ<\/p>\n\n\n\n<p>Por otra parte, entre&nbsp;risas, juegos y miradas curiosas de las y los ni\u00f1os de la escuela primaria \u201cRicardo Flores Mag\u00f3n\u201d, comenz\u00f3 la campa\u00f1a \u201cPeque\u00f1as voces, grandes derechos\u201d.&nbsp;<\/p>\n\n\n\n<p>El gobierno municipal de Santa Cruz Xoxocotl\u00e1n, encabezado por la presidenta Nancy Ben\u00edtez Z\u00e1rate, refuerza su compromiso con la protecci\u00f3n de la ni\u00f1ez, al declarar cero tolerancia a la violencia y al abuso sexual infantil.&nbsp;&nbsp;&nbsp;<\/p>\n\n\n\n<p>La estrategia es impulsada a trav\u00e9s de la Comisi\u00f3n de Seguridad Ciudadana y Vialidad y la Unidad de Prevenci\u00f3n del Delito, con el prop\u00f3sito de acercar informaci\u00f3n, sensibilizaci\u00f3n y herramientas a estudiantes, docentes y familias, para detectar y prevenir situaciones de riesgo.&nbsp;<\/p>\n\n\n\n<p>\u201cLa infancia debe vivirse en libertad, seguridad y alegr\u00eda. Nuestro deber como sociedad es garantizar que cada ni\u00f1a y ni\u00f1o crezca sin miedo, con pleno ejercicio de sus derechos\u201d, destac\u00f3 la edil.&nbsp;<\/p>\n\n\n\n<p>\u201cPeque\u00f1as voces, grandes derechos\u201d recorrer\u00e1 escuelas y espacios comunitarios de Xoxocotl\u00e1n, consolid\u00e1ndose como una iniciativa integral de prevenci\u00f3n y de construcci\u00f3n de entornos seguros, donde la ni\u00f1ez sea el centro de la atenci\u00f3n y el cuidado.<\/p>\n","protected":false},"excerpt":{"rendered":"<p>Redacci\u00f3n\/Zona Roja.&nbsp; Oaxaca, Oax., a 5 de septiembre de 2025\u2013 El pr\u00f3ximo 10 de septiembre,&hellip;<\/p>\n","protected":false},"author":2,"featured_media":84325,"comment_status":"closed","ping_status":"open","sticky":false,"template":"","format":"standard","meta":{"_lmt_disableupdate":"","_lmt_disable":"","_jetpack_memberships_contains_paid_content":false,"footnotes":""},"categories":[109,46],"tags":[3376,133],"class_list":["post-84324","post","type-post","status-publish","format-standard","has-post-thumbnail","hentry","category-minuto-a-minuto","category-zona-blanca","tag-nancy-benitez","tag-santa-cruz-xoxocotlan"],"jetpack_featured_media_url":"https:\/\/zonaroja.com.mx\/wp-content\/uploads\/2025\/09\/Xoxocotlan-sede-del-arranque-de-Oaxaca-Impulsa-2025-1.jpeg","jetpack_sharing_enabled":true,"_links":{"self":[{"href":"https:\/\/zonaroja.com.mx\/index.php?rest_route=\/wp\/v2\/posts\/84324","targetHints":{"allow":["GET"]}}],"collection":[{"href":"https:\/\/zonaroja.com.mx\/index.php?rest_route=\/wp\/v2\/posts"}],"about":[{"href":"https:\/\/zonaroja.com.mx\/index.php?rest_route=\/wp\/v2\/types\/post"}],"author":[{"embeddable":true,"href":"https:\/\/zonaroja.com.mx\/index.php?rest_route=\/wp\/v2\/users\/2"}],"replies":[{"embeddable":true,"href":"https:\/\/zonaroja.com.mx\/index.php?rest_route=%2Fwp%2Fv2%2Fcomments&post=84324"}],"version-history":[{"count":1,"href":"https:\/\/zonaroja.com.mx\/index.php?rest_route=\/wp\/v2\/posts\/84324\/revisions"}],"predecessor-version":[{"id":84326,"href":"https:\/\/zonaroja.com.mx\/index.php?rest_route=\/wp\/v2\/posts\/84324\/revisions\/84326"}],"wp:featuredmedia":[{"embeddable":true,"href":"https:\/\/zonaroja.com.mx\/index.php?rest_route=\/wp\/v2\/media\/84325"}],"wp:attachment":[{"href":"https:\/\/zonaroja.com.mx\/index.php?rest_route=%2Fwp%2Fv2%2Fmedia&parent=84324"}],"wp:term":[{"taxonomy":"category","embeddable":true,"href":"https:\/\/zonaroja.com.mx\/index.php?rest_route=%2Fwp%2Fv2%2Fcategories&post=84324"},{"taxonomy":"post_tag","embeddable":true,"href":"https:\/\/zonaroja.com.mx\/index.php?rest_route=%2Fwp%2Fv2%2Ftags&post=84324"}],"curies":[{"name":"wp","href":"https:\/\/api.w.org\/{rel}","templated":true}]}}