{"id":84327,"date":"2025-09-06T08:44:00","date_gmt":"2025-09-06T14:44:00","guid":{"rendered":"https:\/\/zonaroja.com.mx\/?p=84327"},"modified":"2025-09-06T06:47:41","modified_gmt":"2025-09-06T12:47:41","slug":"en-oaxaca-dan-20-anos-de-prision-a-homicida-y-16-anos-a-pederasta","status":"publish","type":"post","link":"https:\/\/zonaroja.com.mx\/?p=84327","title":{"rendered":"En Oaxaca dan 20 a\u00f1os de prisi\u00f3n a homicida y 16 a\u00f1os a pederasta"},"content":{"rendered":"\n<p>Redacci\u00f3n\/Zona Roja.<\/p>\n\n\n\n<p>Oaxaca, Oax., a 6 de septiembre de 2025.- La Fiscal\u00eda General del Estado de Oaxaca (FGEO) obtuvo una sentencia condenatoria de 20 a\u00f1os de prisi\u00f3n en contra de una persona del sexo masculino identificado como Nicol\u00e1s A. M., por el delito de homicidio calificado con ventaja en agravio de R.C.P. y de lesiones calificadas con ventaja en agravio de L.C.M., ocurrido en la regi\u00f3n de la Sierra de Flores Mag\u00f3n.<\/p>\n\n\n\n<p>Conforme al expediente penal del caso, los hechos ocurrieron el 26 de noviembre de 2024, cuando las v\u00edctimas se encontraban en inmediaciones del paraje del Rinc\u00f3n en la localidad de Aguacatitla, en el municipio Mazatl\u00e1n Villa de Flores, sitio donde las v\u00edctimas fueron atacadas con disparos de arma de fuego, infligiendo lesiones que ocasionaron la muerte a R.C.P., en tanto que la v\u00edctima L.C.M., result\u00f3 con lesiones.<\/p>\n\n\n\n<p>Ante estos hechos, la FGEO -a trav\u00e9s de la Vicefiscal\u00eda de Control Regional- realiz\u00f3 la investigaci\u00f3n ministerial correspondiente que permiti\u00f3 la detenci\u00f3n de Nicol\u00e1s A.M., para posteriormente ponerlo a disposici\u00f3n de las autoridades correspondientes.<\/p>\n\n\n\n<p>Tras las audiencias de desahogo de pruebas, el Tribunal de Enjuiciamiento dict\u00f3 sentencia condenatoria de 20 a\u00f1os, dos meses y 20 d\u00edas de prisi\u00f3n en contra de Nicol\u00e1s A.M., por su responsabilidad en la comisi\u00f3n del delito de homicidio calificado con ventaja y lesiones calificadas con ventaja, adem\u00e1s de imponer el pago por concepto de la reparaci\u00f3n del da\u00f1o.<\/p>\n\n\n\n<p>EN LA COSTA<\/p>\n\n\n\n<p>En otro caso y como resultado de las investigaciones enfocadas en garantizar los derechos a una vida libre de violencia de ni\u00f1as, ni\u00f1os y adolescentes, la Fiscal\u00eda General obtuvo una sentencia condenatoria de 16 a\u00f1os de prisi\u00f3n contra una persona del sexo masculino identificada como C\u00e9sar S.O., responsable del delito de pederastia cometido en la regi\u00f3n de la Costa.<\/p>\n\n\n\n<p>De acuerdo con el expediente penal, los hechos ocurrieron el 25 de junio de 2024, cuando la v\u00edctima -una ni\u00f1a de apenas seis a\u00f1os de edad, cuya identidad est\u00e1 reservada por ley- se encontraba dormida en el interior de un domicilio ubicado en la avenida La Llorona de la Barra de Copalita perteneciente al municipio de San Miguel del Puerto, lugar donde el hoy sentenciado, (padre biol\u00f3gico) la atac\u00f3 sexualmente.<\/p>\n\n\n\n<p>La instituci\u00f3n tom\u00f3 conocimiento del caso gracias a la denuncia de los familiares, por lo que inici\u00f3 las investigaciones con perspectiva de infancia a trav\u00e9s de la Vicefiscal\u00eda Regional de la Costa, las cuales permitieron aprehender a C\u00e9sar S.O. y posteriormente, llevarlo ante el juez de la causa, quien despu\u00e9s de evaluar los datos de prueba, inici\u00f3 el proceso penal.<\/p>\n\n\n\n<p>Una vez recabada la informaci\u00f3n por parte de la FGEO, el Juez impuso una sentencia condenatoria de 16 a\u00f1os de prisi\u00f3n para C\u00e9sar S.O., as\u00ed como una multa econ\u00f3mica y el pago por concepto de reparaci\u00f3n del da\u00f1o en abstracto, luego de demostrar su responsabilidad en la comisi\u00f3n del delito de pederastia.<\/p>\n\n\n\n<p>La Fiscal\u00eda General del Estado de Oaxaca prioriza las investigaciones relacionadas con delitos cometidos contra las mujeres, ni\u00f1as y adolescentes, para presentar ante la justicia a los responsables a fin de garantizar el derecho a una vida libre de violencia.<\/p>\n","protected":false},"excerpt":{"rendered":"<p>Redacci\u00f3n\/Zona Roja. Oaxaca, Oax., a 6 de septiembre de 2025.- La Fiscal\u00eda General del Estado&hellip;<\/p>\n","protected":false},"author":2,"featured_media":84032,"comment_status":"closed","ping_status":"open","sticky":false,"template":"","format":"standard","meta":{"_lmt_disableupdate":"","_lmt_disable":"","_jetpack_memberships_contains_paid_content":false,"footnotes":""},"categories":[109,46],"tags":[494],"class_list":["post-84327","post","type-post","status-publish","format-standard","has-post-thumbnail","hentry","category-minuto-a-minuto","category-zona-blanca","tag-fiscalia-general-del-estado-de-oaxaca"],"jetpack_featured_media_url":"https:\/\/zonaroja.com.mx\/wp-content\/uploads\/2025\/08\/Preso-prision-carcel.jpg","jetpack_sharing_enabled":true,"_links":{"self":[{"href":"https:\/\/zonaroja.com.mx\/index.php?rest_route=\/wp\/v2\/posts\/84327","targetHints":{"allow":["GET"]}}],"collection":[{"href":"https:\/\/zonaroja.com.mx\/index.php?rest_route=\/wp\/v2\/posts"}],"about":[{"href":"https:\/\/zonaroja.com.mx\/index.php?rest_route=\/wp\/v2\/types\/post"}],"author":[{"embeddable":true,"href":"https:\/\/zonaroja.com.mx\/index.php?rest_route=\/wp\/v2\/users\/2"}],"replies":[{"embeddable":true,"href":"https:\/\/zonaroja.com.mx\/index.php?rest_route=%2Fwp%2Fv2%2Fcomments&post=84327"}],"version-history":[{"count":1,"href":"https:\/\/zonaroja.com.mx\/index.php?rest_route=\/wp\/v2\/posts\/84327\/revisions"}],"predecessor-version":[{"id":84328,"href":"https:\/\/zonaroja.com.mx\/index.php?rest_route=\/wp\/v2\/posts\/84327\/revisions\/84328"}],"wp:featuredmedia":[{"embeddable":true,"href":"https:\/\/zonaroja.com.mx\/index.php?rest_route=\/wp\/v2\/media\/84032"}],"wp:attachment":[{"href":"https:\/\/zonaroja.com.mx\/index.php?rest_route=%2Fwp%2Fv2%2Fmedia&parent=84327"}],"wp:term":[{"taxonomy":"category","embeddable":true,"href":"https:\/\/zonaroja.com.mx\/index.php?rest_route=%2Fwp%2Fv2%2Fcategories&post=84327"},{"taxonomy":"post_tag","embeddable":true,"href":"https:\/\/zonaroja.com.mx\/index.php?rest_route=%2Fwp%2Fv2%2Ftags&post=84327"}],"curies":[{"name":"wp","href":"https:\/\/api.w.org\/{rel}","templated":true}]}}