{"id":84329,"date":"2025-09-06T09:45:00","date_gmt":"2025-09-06T15:45:00","guid":{"rendered":"https:\/\/zonaroja.com.mx\/?p=84329"},"modified":"2025-09-06T07:24:13","modified_gmt":"2025-09-06T13:24:13","slug":"matan-a-jefe-policiaco-de-oaxaca-a-un-nino-en-tamaulipas-y-a-empresario-en-campeche","status":"publish","type":"post","link":"https:\/\/zonaroja.com.mx\/?p=84329","title":{"rendered":"Matan a jefe policiaco de Oaxaca; a un ni\u00f1o en Tamaulipas y a empresario en Campeche"},"content":{"rendered":"\n<p>Redacci\u00f3n\/Zona Roja Cdmx.<\/p>\n\n\n\n<p>Ciudad de M\u00e9xico, a 6 de septiembre de 2025.- El director de la Polic\u00eda Municipal de Cosolapa, Oaxaca, Sa\u00fal R\u00edos Reyes, fue asesinado mientras cenaba en un restaurante de comida r\u00e1pida en el municipio de C\u00f3rdoba en la zona centro del estado de Veracruz.&nbsp;&nbsp;<\/p>\n\n\n\n<p>R\u00edos Reyes era originario del municipio de Zongolica, poblado de la zona serrana de Veracruz y de acuerdo con la informaci\u00f3n disponible ten\u00eda 53 a\u00f1os al momento del ataque.<\/p>\n\n\n\n<p>Fue el pasado 4 de septiembre, cerca de las ocho de la noche cuando hombres armados irrumpieron en el local ubicado en la avenida 11 y calle 10 en la zona centro del citado municipio y abrieron fuego en contra de R\u00edos Reyes en varias ocasiones.<\/p>\n\n\n\n<p>Por su parte, el ayuntamiento de Cosolapa confirm\u00f3 la muerte de quien en vida fuera su director de la Polic\u00eda Municipal, a quien reconocieron como un destacado funcionario municipal.<\/p>\n\n\n\n<p>EN TAMAULIPAS<\/p>\n\n\n\n<p>Agentes de la Fiscal\u00eda de Justicia de Tamaulipas dispararon contra una familia la noche del jueves en la colonia Carlos Cant\u00fa, Reynosa, donde un menor perdi\u00f3 la vida.<br>De acuerdo a informaci\u00f3n oficial, los elementos abrieron fuego contra un veh\u00edculo Volkswagen en el que se trasladaba una familia, con dos adultos y un ni\u00f1o de 7 a\u00f1os, procedente de Victoria.<\/p>\n\n\n\n<p>En su arribo a Reynosa la familia escuch\u00f3 detonaciones de armas de fuego, donde los oficiales primero dispararon a las llantas del veh\u00edculo y luego contra sus ocupantes.<\/p>\n\n\n\n<p>Al padre de familia le roz\u00f3 una bala en el rostro, su esposa recibi\u00f3 dos impactos en el brazo y el menor un disparo en la cabeza.<\/p>\n\n\n\n<p>Sin embargo, cuando los efectivos se acercaron y vieron que era una familia y no hab\u00eda armas en la unidad pidieron disculpas, pues se \u201chab\u00edan confundido\u201d.En tanto, los adultos fueron trasladados para recibir atenci\u00f3n m\u00e9dica.<\/p>\n\n\n\n<p>EN CAMPECHE<\/p>\n\n\n\n<p>El cuerpo del empresario hotelero&nbsp;Manuel Grajales, de 90 a\u00f1os de edad, fue encontrado este viernes, inform\u00f3 la secretaria de Seguridad estatal, Marcela Mu\u00f1oz Mart\u00ednez, quien asegur\u00f3 que en la fiscal\u00eda del estado \u201cya hay avances en las investigaciones\u201d.<\/p>\n\n\n\n<p>Seg\u00fan dio a conocer una de las hijas de Manuel Grajales, su padre habr\u00eda sido secuestrado el pasado lunes 1 de septiembre, cuando hombres encapuchados lo sacaron de uno de los cuartos del hotel \u201cDel Bosque\u201d, de su propiedad, donde descansaba en la ciudad de Candelaria.&nbsp;<\/p>\n\n\n\n<p>Su camioneta fue hallada al d\u00eda siguiente \u201cabandonada en v\u00edas del ferrocarril, cerca del puente del Tren Maya, en la carretera que conduce a las Palmitas\u201d, dijo.<\/p>\n\n\n\n<p>Este viernes, la hija del empresario, Norma Grajales confirm\u00f3 el hallazgo del cad\u00e1ver en sus redes sociales y agradeci\u00f3 a las personas que se unieron a la b\u00fasqueda de su padre. El cuerpo se encontraba, seg\u00fan testigos, en estado de putrefacci\u00f3n.<\/p>\n\n\n\n<p>EN VERACRUZ<\/p>\n\n\n\n<p>Hombres armados atentaron contra la vida de la presidenta municipal de Santiago Sochiapan, Mar\u00eda Isela L\u00f3pez \u00c1lvarez, durante la tarde de este viernes 5 de septiembre.<\/p>\n\n\n\n<p>Fue luego de que la alcaldesa saliera del palacio municipal rumbo a su domicilio cuando personas desconocidas abrieron fuego en contra del veh\u00edculo particular en el que se trasladaba.<\/p>\n\n\n\n<p>Los escoltas habr\u00edan repelido la agresi\u00f3n y L\u00f3pez \u00c1lvarez salv\u00f3 la vida, mientras que los delincuentes huyeron del lugar a bordo de una camioneta blanca.<\/p>\n\n\n\n<p>Horas despu\u00e9s, fue localizada una camioneta blanca abandonada, con armas largas y una persona fallecida en su interior, por lo que se presume se tratar\u00eda del veh\u00edculo utilizado en el ataque.<\/p>\n\n\n\n<p>La camioneta fue hallada en la comunidad de Ruiz Cortines, en el municipio de Playa Vicente, al sur de la entidad veracruzana.<\/p>\n\n\n\n<p>Cabe se\u00f1alar que este es el segundo ataque que se registra en contra de la funcionaria durante el 2025; pues el pasado mes de julio enfrent\u00f3 una situaci\u00f3n similar cuando se encontraba en la ciudad de Mar\u00eda Lombardo, en Oaxaca.<\/p>\n\n\n\n<p>(Informaci\u00f3n de \u201cLa Jornada\u201d)<\/p>\n","protected":false},"excerpt":{"rendered":"<p>Redacci\u00f3n\/Zona Roja Cdmx. Ciudad de M\u00e9xico, a 6 de septiembre de 2025.- El director de&hellip;<\/p>\n","protected":false},"author":2,"featured_media":67727,"comment_status":"closed","ping_status":"open","sticky":false,"template":"","format":"standard","meta":{"_lmt_disableupdate":"","_lmt_disable":"","_jetpack_memberships_contains_paid_content":false,"footnotes":""},"categories":[109,51],"tags":[1746],"class_list":["post-84329","post","type-post","status-publish","format-standard","has-post-thumbnail","hentry","category-minuto-a-minuto","category-zona-roja","tag-violencia-en-mexico"],"jetpack_featured_media_url":"https:\/\/zonaroja.com.mx\/wp-content\/uploads\/2024\/04\/Escena-del-crimen-2-asesinato.jpeg","jetpack_sharing_enabled":true,"_links":{"self":[{"href":"https:\/\/zonaroja.com.mx\/index.php?rest_route=\/wp\/v2\/posts\/84329","targetHints":{"allow":["GET"]}}],"collection":[{"href":"https:\/\/zonaroja.com.mx\/index.php?rest_route=\/wp\/v2\/posts"}],"about":[{"href":"https:\/\/zonaroja.com.mx\/index.php?rest_route=\/wp\/v2\/types\/post"}],"author":[{"embeddable":true,"href":"https:\/\/zonaroja.com.mx\/index.php?rest_route=\/wp\/v2\/users\/2"}],"replies":[{"embeddable":true,"href":"https:\/\/zonaroja.com.mx\/index.php?rest_route=%2Fwp%2Fv2%2Fcomments&post=84329"}],"version-history":[{"count":1,"href":"https:\/\/zonaroja.com.mx\/index.php?rest_route=\/wp\/v2\/posts\/84329\/revisions"}],"predecessor-version":[{"id":84330,"href":"https:\/\/zonaroja.com.mx\/index.php?rest_route=\/wp\/v2\/posts\/84329\/revisions\/84330"}],"wp:featuredmedia":[{"embeddable":true,"href":"https:\/\/zonaroja.com.mx\/index.php?rest_route=\/wp\/v2\/media\/67727"}],"wp:attachment":[{"href":"https:\/\/zonaroja.com.mx\/index.php?rest_route=%2Fwp%2Fv2%2Fmedia&parent=84329"}],"wp:term":[{"taxonomy":"category","embeddable":true,"href":"https:\/\/zonaroja.com.mx\/index.php?rest_route=%2Fwp%2Fv2%2Fcategories&post=84329"},{"taxonomy":"post_tag","embeddable":true,"href":"https:\/\/zonaroja.com.mx\/index.php?rest_route=%2Fwp%2Fv2%2Ftags&post=84329"}],"curies":[{"name":"wp","href":"https:\/\/api.w.org\/{rel}","templated":true}]}}