{"id":84331,"date":"2025-09-06T07:41:01","date_gmt":"2025-09-06T13:41:01","guid":{"rendered":"https:\/\/zonaroja.com.mx\/?p=84331"},"modified":"2025-09-06T07:41:03","modified_gmt":"2025-09-06T13:41:03","slug":"recrudece-violencia-en-santiago-amoltepec-y-matan-a-dos-personas","status":"publish","type":"post","link":"https:\/\/zonaroja.com.mx\/?p=84331","title":{"rendered":"Recrudece violencia en Santiago Amoltepec y matan a dos personas"},"content":{"rendered":"\n<p>Ismael Garc\u00eda M.\/Zona Roja.<\/p>\n\n\n\n<p>Oaxaca, Oax., a 6 de agosto de 2025.- A dos d\u00edas de la asamblea para continuar el proceso de elecci\u00f3n de la pr\u00f3xima autoridad municipal, en Santiago Amoltepec, fueron asesinadas dos personas.<\/p>\n\n\n\n<p>El doble homicidio ocurri\u00f3 anoche en la comunidad de Llano Nuevo, en que fueron emboscados dos hermanos, identificados de manera preliminar como Domingo y Laureano H. G.<\/p>\n\n\n\n<p>A trav\u00e9s de redes sociales, seguidores de los principales candidatos, Feliciano Hern\u00e1ndez \u2014en prisi\u00f3n junto con su esposa desde hace dos semanas\u2014 y Alexis Torres Ram\u00edrez \u2014presuntamente candidato de la Secretar\u00eda de Gobierno\u2014 se culpan mutuamente del ataque armado.<\/p>\n\n\n\n<p>El pasado 2 de septiembre, familiares de Feliciano Hern\u00e1ndez dieron una conferencia de prensa para denunciar presiones y amenazas, as\u00ed como delitos inventados en contra de \u00e9ste y su esposa Serena Yesca Roque.<\/p>\n\n\n\n<p>Asimismo, consideraron que desde el gobierno se buscaba afectar a quien aspira a la presidencia municipal de Amoltepec; denunciaron que las ambiciones son de grupos opositores son por el manejo de m\u00e1s de 100 millones de pesos de presupuesto anual.<\/p>\n\n\n\n<p>Respecto al crimen, hasta el momento no hay indicios del o de los responsables del crimen y la Secretar\u00eda de Seguridad y Protecci\u00f3n Ciudadana de Oaxaca despleg\u00f3 elementos policiacos.<\/p>\n\n\n\n<p>Mientras que la Fiscal\u00eda General del Estado de Oaxaca mantiene a peritos y agentes de investigaci\u00f3n en la zona, con la finalidad de esclarecer los hechos.<\/p>\n","protected":false},"excerpt":{"rendered":"<p>Ismael Garc\u00eda M.\/Zona Roja. Oaxaca, Oax., a 6 de agosto de 2025.- A dos d\u00edas&hellip;<\/p>\n","protected":false},"author":2,"featured_media":68842,"comment_status":"closed","ping_status":"open","sticky":false,"template":"","format":"standard","meta":{"_lmt_disableupdate":"","_lmt_disable":"","_jetpack_memberships_contains_paid_content":false,"footnotes":""},"categories":[109,51],"tags":[860],"class_list":["post-84331","post","type-post","status-publish","format-standard","has-post-thumbnail","hentry","category-minuto-a-minuto","category-zona-roja","tag-santiago-amoltepec"],"jetpack_featured_media_url":"https:\/\/zonaroja.com.mx\/wp-content\/uploads\/2024\/05\/Palacio-municipal-Amoltepec.jpeg","jetpack_sharing_enabled":true,"_links":{"self":[{"href":"https:\/\/zonaroja.com.mx\/index.php?rest_route=\/wp\/v2\/posts\/84331","targetHints":{"allow":["GET"]}}],"collection":[{"href":"https:\/\/zonaroja.com.mx\/index.php?rest_route=\/wp\/v2\/posts"}],"about":[{"href":"https:\/\/zonaroja.com.mx\/index.php?rest_route=\/wp\/v2\/types\/post"}],"author":[{"embeddable":true,"href":"https:\/\/zonaroja.com.mx\/index.php?rest_route=\/wp\/v2\/users\/2"}],"replies":[{"embeddable":true,"href":"https:\/\/zonaroja.com.mx\/index.php?rest_route=%2Fwp%2Fv2%2Fcomments&post=84331"}],"version-history":[{"count":1,"href":"https:\/\/zonaroja.com.mx\/index.php?rest_route=\/wp\/v2\/posts\/84331\/revisions"}],"predecessor-version":[{"id":84332,"href":"https:\/\/zonaroja.com.mx\/index.php?rest_route=\/wp\/v2\/posts\/84331\/revisions\/84332"}],"wp:featuredmedia":[{"embeddable":true,"href":"https:\/\/zonaroja.com.mx\/index.php?rest_route=\/wp\/v2\/media\/68842"}],"wp:attachment":[{"href":"https:\/\/zonaroja.com.mx\/index.php?rest_route=%2Fwp%2Fv2%2Fmedia&parent=84331"}],"wp:term":[{"taxonomy":"category","embeddable":true,"href":"https:\/\/zonaroja.com.mx\/index.php?rest_route=%2Fwp%2Fv2%2Fcategories&post=84331"},{"taxonomy":"post_tag","embeddable":true,"href":"https:\/\/zonaroja.com.mx\/index.php?rest_route=%2Fwp%2Fv2%2Ftags&post=84331"}],"curies":[{"name":"wp","href":"https:\/\/api.w.org\/{rel}","templated":true}]}}