{"id":84336,"date":"2025-09-06T12:50:00","date_gmt":"2025-09-06T18:50:00","guid":{"rendered":"https:\/\/zonaroja.com.mx\/?p=84336"},"modified":"2025-09-06T07:54:19","modified_gmt":"2025-09-06T13:54:19","slug":"acoso-judicial-contra-periodistas-alcanza-a-oaxaca-en-el-pais-51-casos-en-2025","status":"publish","type":"post","link":"https:\/\/zonaroja.com.mx\/?p=84336","title":{"rendered":"Acoso judicial contra periodistas alcanza a Oaxaca; en el pa\u00eds, 51 casos en 2025"},"content":{"rendered":"\n<p>Lisbeth Mej\u00eda Reyes\/Zona Roja.<\/p>\n\n\n\n<p>Oaxaca, Oax., a 6 de septiembre de 2025.- Las leyes han sido empleadas por la clase pol\u00edtica de M\u00e9xico para censurar y limitar la libertad de expresi\u00f3n de periodistas y otras personas, especialmente en los \u00faltimos a\u00f1os, se\u00f1ala un informe de la organizaci\u00f3n Art\u00edculo 19.\u00a0<\/p>\n\n\n\n<p>Oaxaca es uno de los 17 estados en los que se han registrado tres de los 51 casos de acoso judicial entre enero y julio de este a\u00f1o, como refiere el informe \u00abLas leyes como mecanismo de censura: &nbsp;Aumento del acoso judicial contra periodistas en M\u00e9xico\u00bb.<\/p>\n\n\n\n<p>Los 51 casos son m\u00e1s del doble que los reportados en el 2024 y que los del 2023. Incluso superan a los de 2021, cuando se hab\u00eda presentado la cifra m\u00e1s alta de la \u00faltima d\u00e9cada (40).<\/p>\n\n\n\n<p>\u00abEn M\u00e9xico, en esta \u00faltima d\u00e9cada, la utilizaci\u00f3n de procesos judiciales contra la prensa ya se ha convertido en una tendencia com\u00fan\u00bb, reporta la organizaci\u00f3n en el documento publicado el pasado mes de agosto. Adem\u00e1s de mencionar que \u00abde todos los procesos documentados, 25 fueron acusando a la prensa de Violencia Pol\u00edtica en Raz\u00f3n de G\u00e9nero (VPEG). Es decir, pr\u00e1cticamente uno de cada dos procesos de acoso judicial contra la prensa en el pa\u00eds se iniciaron abusando de la normativa de VPEG\u00bb, un mecanismo creado para garantizar una vida libre de violencia contra las mujeres.<\/p>\n\n\n\n<p>Entre los 32 estados del pa\u00eds, en 17 se ha presentado al menos un caso de acoso contra periodistas o medios de comunicaci\u00f3n, lo que significa que en m\u00e1s del 53% de las entidades federativas se tiene este problema en lo que va del a\u00f1o. Pero tambi\u00e9n \u00abdemuestra que no son algunas personas quienes est\u00e1n abusando del sistema, sino que es una pr\u00e1ctica reiterada en el territorio nacional\u00bb, advierte la organizaci\u00f3n que promueve y defiende la libertad de expresi\u00f3n y el derecho a la informaci\u00f3n.<\/p>\n\n\n\n<p>En el informe, los tres estados con m\u00e1s procesos iniciados contra periodistas son Veracruz (10 casos), Ciudad de M\u00e9xico (9), y Jalisco (6). A estos les siguen Campeche, Oaxaca y Puebla con 3 casos cada uno.&nbsp;<\/p>\n\n\n\n<p>De los casos documentados, la organizaci\u00f3n detalla que 23 (45.10%) fueron iniciados por personas funcionarias p\u00fablicas (varias de ellas en proceso reelecci\u00f3n de su puesto o en proceso de candidatura de uno nuevo), seguido de 18 particulares (35.29%), y con 10 procesos (19.61%) iniciados directamente por partidos pol\u00edticos y candidaturas (sin un puesto como persona funcionaria al momento de la agresi\u00f3n.<\/p>\n\n\n\n<p>Uno de los primeros casos del a\u00f1o que cita la organizaci\u00f3n es el del gobernador de Nayarit, Miguel \u00c1ngel Navarro Quintero, quien llam\u00f3 a los periodistas como \u201csicarios de la comunicaci\u00f3n\u201d y \u201csicarios en las redes\u201d, lo que estigmatiza a la prensa y cataloga su actuar como una agresi\u00f3n hacia su gobierno, explica Art\u00edculo 19.<\/p>\n\n\n\n<p>En cuanto al abuso de la normativa sobre Violencia Pol\u00edtica en Raz\u00f3n de G\u00e9nero (VPEG), Art\u00edculo 19 detalla que esta no solamente se emplea en contra de periodistas sino de la ciudadan\u00eda que usa las redes sociales. \u00abTal es el caso de Sonora, donde la ciudadana<\/p>\n\n\n\n<p>Karla Estrella fue sancionada por el INE y el TEPJF luego de publicar un tuit que cuestionaba posible nepotismo beneficiando a la diputada Diana Karina Barreras. Como consecuencia, ella interpuso una denuncia por VPEG, y Karla fue multada, obligada a disculparse por treinta d\u00edas en sus redes sociales, debi\u00f3 tomar un curso sobre violencia de g\u00e9nero y adem\u00e1s fue registrada como violentadora e infractora en el sistema electoral\u00bb.<\/p>\n","protected":false},"excerpt":{"rendered":"<p>Lisbeth Mej\u00eda Reyes\/Zona Roja. Oaxaca, Oax., a 6 de septiembre de 2025.- Las leyes han&hellip;<\/p>\n","protected":false},"author":2,"featured_media":84337,"comment_status":"closed","ping_status":"open","sticky":false,"template":"","format":"standard","meta":{"_lmt_disableupdate":"","_lmt_disable":"","_jetpack_memberships_contains_paid_content":false,"footnotes":""},"categories":[109,47],"tags":[4420],"class_list":["post-84336","post","type-post","status-publish","format-standard","has-post-thumbnail","hentry","category-minuto-a-minuto","category-zona-gris","tag-periodismo-en-riesgo-mexico"],"jetpack_featured_media_url":"https:\/\/zonaroja.com.mx\/wp-content\/uploads\/2025\/09\/prensa-libertad-de-expresion-acoso-judicial.jpg","jetpack_sharing_enabled":true,"_links":{"self":[{"href":"https:\/\/zonaroja.com.mx\/index.php?rest_route=\/wp\/v2\/posts\/84336","targetHints":{"allow":["GET"]}}],"collection":[{"href":"https:\/\/zonaroja.com.mx\/index.php?rest_route=\/wp\/v2\/posts"}],"about":[{"href":"https:\/\/zonaroja.com.mx\/index.php?rest_route=\/wp\/v2\/types\/post"}],"author":[{"embeddable":true,"href":"https:\/\/zonaroja.com.mx\/index.php?rest_route=\/wp\/v2\/users\/2"}],"replies":[{"embeddable":true,"href":"https:\/\/zonaroja.com.mx\/index.php?rest_route=%2Fwp%2Fv2%2Fcomments&post=84336"}],"version-history":[{"count":1,"href":"https:\/\/zonaroja.com.mx\/index.php?rest_route=\/wp\/v2\/posts\/84336\/revisions"}],"predecessor-version":[{"id":84338,"href":"https:\/\/zonaroja.com.mx\/index.php?rest_route=\/wp\/v2\/posts\/84336\/revisions\/84338"}],"wp:featuredmedia":[{"embeddable":true,"href":"https:\/\/zonaroja.com.mx\/index.php?rest_route=\/wp\/v2\/media\/84337"}],"wp:attachment":[{"href":"https:\/\/zonaroja.com.mx\/index.php?rest_route=%2Fwp%2Fv2%2Fmedia&parent=84336"}],"wp:term":[{"taxonomy":"category","embeddable":true,"href":"https:\/\/zonaroja.com.mx\/index.php?rest_route=%2Fwp%2Fv2%2Fcategories&post=84336"},{"taxonomy":"post_tag","embeddable":true,"href":"https:\/\/zonaroja.com.mx\/index.php?rest_route=%2Fwp%2Fv2%2Ftags&post=84336"}],"curies":[{"name":"wp","href":"https:\/\/api.w.org\/{rel}","templated":true}]}}