{"id":84339,"date":"2025-09-06T13:04:00","date_gmt":"2025-09-06T19:04:00","guid":{"rendered":"https:\/\/zonaroja.com.mx\/?p=84339"},"modified":"2025-09-06T08:06:58","modified_gmt":"2025-09-06T14:06:58","slug":"oaxaca-de-juarez-impulsa-actividades-a-traves-de-colmenas-por-la-paz","status":"publish","type":"post","link":"https:\/\/zonaroja.com.mx\/?p=84339","title":{"rendered":"Oaxaca de Ju\u00e1rez impulsa actividades a trav\u00e9s de Colmenas por la Paz"},"content":{"rendered":"\n<p>Redacci\u00f3n\/Zona Roja.<\/p>\n\n\n\n<p>Oaxaca, Oax., a 6 de septiembre de 2025.- El gobierno municipal de Oaxaca de Ju\u00e1rez, a trav\u00e9s de la Secretar\u00eda de Cultura, Educaci\u00f3n y Fomento a la Lectura, invita a las vecinas y vecinos de la capital a participar en la cartelera de actividades de Colmenas por la Paz, un espacio de encuentro comunitario que promueve la convivencia, la creatividad y el aprendizaje colectivo.<\/p>\n\n\n\n<p>Durante el mes de septiembre se llevar\u00e1n a cabo distintos talleres y clubes en diversas colonias y espacios p\u00fablicos de la ciudad:<\/p>\n\n\n\n<p>\u2022Iniciaci\u00f3n al canto: lunes 08, 15, 22 y 29 en el Mercado Lula\u2019a de la Central de Abasto, de 16:00 a 18:00 horas.<\/p>\n\n\n\n<p>\u2022Taller de pintura y dibujo: martes 09, 16, 23 y 30 en la cancha de b\u00e1squetbol de Pueblo Nuevo, Col. Presidentes de M\u00e9xico, Calle Guadalupe Victoria, de 16:00 a 18:00 horas.<\/p>\n\n\n\n<p>\u2022Curso de pi\u00f1atas: mi\u00e9rcoles 10, 17 y 24, y s\u00e1bados 06, 13, 20 y 27 en Calle Nuevo Laredo, esquina San Francisco, Pueblo Nuevo, Colonia Los \u00c1ngeles, de 16:00 a 18:00 horas.<\/p>\n\n\n\n<p>\u2022Club de lectura y expresi\u00f3n literaria: jueves 11, 18 y 25 en la cancha de b\u00e1squetbol de Pueblo Nuevo, Col. Presidentes de M\u00e9xico, de 16:00 a 18:00 horas.<\/p>\n\n\n\n<p>Con estas acciones, el municipio busca fortalecer los lazos comunitarios y ofrecer alternativas culturales que fomenten la paz, la creatividad y el desarrollo personal.<\/p>\n\n\n\n<p>El ayuntamiento de Oaxaca de Ju\u00e1rez refrenda su compromiso con el bienestar de la ciudadan\u00eda, generando espacios seguros y participativos donde las y los oaxaque\u00f1os puedan compartir talentos, adquirir nuevas habilidades y fortalecer la vida en comunidad.<\/p>\n","protected":false},"excerpt":{"rendered":"<p>Redacci\u00f3n\/Zona Roja. Oaxaca, Oax., a 6 de septiembre de 2025.- El gobierno municipal de Oaxaca&hellip;<\/p>\n","protected":false},"author":2,"featured_media":68457,"comment_status":"closed","ping_status":"open","sticky":false,"template":"","format":"standard","meta":{"_lmt_disableupdate":"","_lmt_disable":"","_jetpack_memberships_contains_paid_content":false,"footnotes":""},"categories":[109,46],"tags":[148],"class_list":["post-84339","post","type-post","status-publish","format-standard","has-post-thumbnail","hentry","category-minuto-a-minuto","category-zona-blanca","tag-oaxaca-de-juarez"],"jetpack_featured_media_url":"https:\/\/zonaroja.com.mx\/wp-content\/uploads\/2024\/05\/Ciudad-de-Oaxaca.jpeg","jetpack_sharing_enabled":true,"_links":{"self":[{"href":"https:\/\/zonaroja.com.mx\/index.php?rest_route=\/wp\/v2\/posts\/84339","targetHints":{"allow":["GET"]}}],"collection":[{"href":"https:\/\/zonaroja.com.mx\/index.php?rest_route=\/wp\/v2\/posts"}],"about":[{"href":"https:\/\/zonaroja.com.mx\/index.php?rest_route=\/wp\/v2\/types\/post"}],"author":[{"embeddable":true,"href":"https:\/\/zonaroja.com.mx\/index.php?rest_route=\/wp\/v2\/users\/2"}],"replies":[{"embeddable":true,"href":"https:\/\/zonaroja.com.mx\/index.php?rest_route=%2Fwp%2Fv2%2Fcomments&post=84339"}],"version-history":[{"count":1,"href":"https:\/\/zonaroja.com.mx\/index.php?rest_route=\/wp\/v2\/posts\/84339\/revisions"}],"predecessor-version":[{"id":84340,"href":"https:\/\/zonaroja.com.mx\/index.php?rest_route=\/wp\/v2\/posts\/84339\/revisions\/84340"}],"wp:featuredmedia":[{"embeddable":true,"href":"https:\/\/zonaroja.com.mx\/index.php?rest_route=\/wp\/v2\/media\/68457"}],"wp:attachment":[{"href":"https:\/\/zonaroja.com.mx\/index.php?rest_route=%2Fwp%2Fv2%2Fmedia&parent=84339"}],"wp:term":[{"taxonomy":"category","embeddable":true,"href":"https:\/\/zonaroja.com.mx\/index.php?rest_route=%2Fwp%2Fv2%2Fcategories&post=84339"},{"taxonomy":"post_tag","embeddable":true,"href":"https:\/\/zonaroja.com.mx\/index.php?rest_route=%2Fwp%2Fv2%2Ftags&post=84339"}],"curies":[{"name":"wp","href":"https:\/\/api.w.org\/{rel}","templated":true}]}}